{"id":351,"date":"2016-05-15T20:56:28","date_gmt":"2016-05-15T18:56:28","guid":{"rendered":"https:\/\/bosegeselet.wordpress.com\/?p=351"},"modified":"2017-03-10T16:10:27","modified_gmt":"2017-03-10T14:10:27","slug":"amikor-isten-egy-koldus-gyerek-altal-batorit","status":"publish","type":"post","link":"https:\/\/albulevente.ro\/index.php\/2016\/05\/15\/amikor-isten-egy-koldus-gyerek-altal-batorit\/","title":{"rendered":"Amikor Isten egy koldus gyerek \u00e1ltal b\u00e1tor\u00edt"},"content":{"rendered":"<p>Kolozsv\u00e1rr\u00f3l hazafel\u00e9 vezetve meg\u00e1lltam egy pihen\u0151helyen. K\u00e9t kisfi\u00fa <img decoding=\"async\" loading=\"lazy\" class=\"wp-image-426 alignright\" src=\"http:\/\/albulevente.ro\/wp-content\/uploads\/2016\/05\/beggar-child.jpg\" alt=\"Beggar child\" width=\"162\" height=\"214\" srcset=\"https:\/\/albulevente.ro\/wp-content\/uploads\/2016\/05\/beggar-child.jpg 275w, https:\/\/albulevente.ro\/wp-content\/uploads\/2016\/05\/beggar-child-226x300.jpg 226w\" sizes=\"(max-width: 162px) 100vw, 162px\" \/>j\u00f6tt hozz\u00e1m egy-egy vir\u00e1gcsokrot tartva a kez\u00fckben. Az id\u0151sebbik 7-8 \u00e9ves lehetett, a kisebbik 5-6.<\/p>\n<p>&#8211; Adsz nek\u00fcnk is egy darab kenyeret vagy valami p\u00e9nzt? &#8211; k\u00e9rdezte a nagyobbik.<\/p>\n<p>Mivel viszonylag j\u00f3l \u00f6lt\u00f6z\u00f6ttek voltak \u00e9s nem t\u0171ntek tipikus cig\u00e1ny gyerek koldusoknak, nyitottabb lettem az adakoz\u00e1sra.<\/p>\n<p>&#8211; Nincs kenyerem de itt van ez a megmaradt komp\u00f3t, nektek adom&#8230; Mi\u00e9rt koldultok? Odatettek a sz\u00fcleitek?<\/p>\n<p>&#8211; Nem koldulunk&#8230;<\/p>\n<p>&#8211; Nem kellene k\u00e9regetnetek, mondj\u00e1tok meg a sz\u00fcleiteknek, hogy \u0151k kellene eltartsanak titeket&#8230;<\/p>\n<p>&#8211; Nagyon neh\u00e9z a sz\u00fcleinknek is.<\/p>\n<p>&#8211; Mondj\u00e1tok, ti hisztek az \u00dar J\u00e9zus Krisztusban?<\/p>\n<p>&#8211; Igen, mi hisz\u00fcnk! &#8211; mondta nagyon hat\u00e1rozottan a nagyobbik sr\u00e1c, ezut\u00e1n pedig b\u00e1tran megk\u00e9rdezte: &#8211; Te h\u00edv\u0151 vagy?<\/p>\n<p>&#8211; Igen&#8230; Na \u00e9s mit hisztek J\u00e9zusr\u00f3l?<\/p>\n<p>&#8211; H\u00e1t azt, hogy meghalt a mi b\u0171neink\u00e9rt \u00e9s felt\u00e1madt&#8230; A sz\u00fcleink is h\u00edv\u0151k&#8230; ortodoxok.<\/p>\n<p>&#8211; J\u00f3l van&#8230; gyertek, nektek adom ezeket a ban\u00e1nokat is.<\/p>\n<p>&#8211; K\u00f6sz\u00f6nj\u00fck.<\/p>\n<p>Mik\u00f6zben odaadtam a ban\u00e1nokat, megk\u00e9rdeztem:<\/p>\n<p>&#8211; \u00c9s&#8230; olvast\u00e1l m\u00e1r a Bibli\u00e1b\u00f3l?<\/p>\n<p>&#8211; Igen, \u00e9n tudok egy zsolt\u00e1rt is kiv\u00fclr\u0151l!<\/p>\n<p>&#8211; Hm, szeretn\u00e9m hallani, elmondod nekem is?<\/p>\n<p>Erre a nagyobbik fi\u00fa \u00e1tadta a komp\u00f3tot \u00e9s a ban\u00e1nt a kisebbik fi\u00fanak, a melle el\u00e9 tartotta a vir\u00e1gcsokrot, mind a k\u00e9t kez\u00e9vel megfogta &#8211; mintha mikrofon lett volna -, \u00e9s elszavalta a 23. zsolt\u00e1rt:<\/p>\n<p>&#8211; &#8222;Az \u00dar az \u00e9n p\u00e1sztorom, nem sz\u0171k\u00f6lk\u00f6d\u00f6m. F\u00fcves legel\u0151k\u00f6n terelget, csendes vizekhez vezet engem&#8230;&#8221;<\/p>\n<p>&#8211; Nagyon j\u00f3! K\u00f6szi sz\u00e9pen! &#8211; megdics\u00e9rtem, azt\u00e1n mivel ki akartam nekik hangs\u00falyozni az els\u0151 sort, megk\u00e9rdeztem: &#8211; Hogy van? &#8222;Az \u00dar az \u00e9n p\u00e1sztorom,&#8230;&#8221;<\/p>\n<p>&#8211; &#8222;&#8230;nem sz\u0171k\u00f6lk\u00f6d\u00f6m.&#8221;<\/p>\n<p>&#8211; \u00dagy van&#8230; &#8211; \u00e9s r\u00f6viden biztattam \u0151ket arra, hogy mindig b\u00edzzanak Istenben m\u00e9g akkor is amikor neh\u00e9z lesz.<\/p>\n<p>J\u00f3 bar\u00e1tokk\u00e9nt v\u00e1ltunk el, \u00e9s \u00f6r\u00f6mmel sz\u00e1lltam be az aut\u00f3ba mert seg\u00edthettem egy kicsit ezeken a gyerekeken. De alig hagytam el a parkol\u00f3 helyet, r\u00e1j\u00f6ttem, hogy \u00e9n t\u00f6bbet kaptam mint amennyit adtam. Sz\u00fcks\u00e9gem volt ma b\u00e1tor\u00edt\u00e1sra, \u00e9s Isten \u00fagy id\u0151z\u00edtette a dolgokat, hogy ez a koldus gyerek elmondja nekem ezt a zsolt\u00e1rt.<\/p>\n<p>Uram, j\u00f3l esett, k\u00f6sz\u00f6n\u00f6m.<\/p>\n<p>&#8212;&#8212;&#8212;&#8212;&#8212;<\/p>\n<p>A h\u00edv\u0151 ember ilyen helyzetekben is Isten kez\u00e9t l\u00e1tja mert \u0151 legt\u00f6bbsz\u00f6r nem term\u00e9szetfeletti beavatkoz\u00e1sok, csod\u00e1k \u00e1ltal munk\u00e1lkodik \u00e9let\u00fcnkben, hanem egyszer\u0171, h\u00e9tk\u00f6znapi esem\u00e9nyek, emberek \u00e1ltal&#8230; s\u0151t, ebben az esetben egy koldus gyerek \u00e1ltal, aki pont j\u00f3kor mondott el egy zsolt\u00e1rt.<\/p>\n<div class=\"sharelinks\" style=\"\">\n\t<a title=\"Amikor Isten egy koldus gyerek \u00e1ltal b\u00e1tor\u00edt\" rel=\"nofollow\" target=\"_blank\" href=\"http:\/\/www.facebook.com\/sharer.php?u=https:\/\/albulevente.ro\/index.php\/2016\/05\/15\/amikor-isten-egy-koldus-gyerek-altal-batorit\/\"><img width=\"56\" height=\"20\" alt=\"facebook\" src=\"https:\/\/albulevente.ro\/wp-content\/plugins\/facebook-google-twitter-share\/images\/facebook.png\"><\/a>\n\t<a title=\"Amikor Isten egy koldus gyerek \u00e1ltal b\u00e1tor\u00edt\" rel=\"nofollow\" target=\"_blank\" href=\"https:\/\/plus.google.com\/share?url=https:\/\/albulevente.ro\/index.php\/2016\/05\/15\/amikor-isten-egy-koldus-gyerek-altal-batorit\/\"><img width=\"60\" height=\"20\" alt=\"google plus\" src=\"https:\/\/albulevente.ro\/wp-content\/plugins\/facebook-google-twitter-share\/images\/googleplus.png\"><\/a>\n\t<a title=\"Amikor Isten egy koldus gyerek \u00e1ltal b\u00e1tor\u00edt\" Nagar\" rel=\"nofollow\" target=\"_blank\" href=\"http:\/\/twitter.com\/home?status=Amikor Isten egy koldus gyerek \u00e1ltal b\u00e1tor\u00edt https:\/\/albulevente.ro\/index.php\/2016\/05\/15\/amikor-isten-egy-koldus-gyerek-altal-batorit\/\"><img width=\"70\" height=\"20\" alt=\"twitter\" src=\"https:\/\/albulevente.ro\/wp-content\/plugins\/facebook-google-twitter-share\/images\/twitter.png\"><\/a>\n\t<\/div>","protected":false},"excerpt":{"rendered":"<p>Kolozsv\u00e1rr\u00f3l hazafel\u00e9 vezetve meg\u00e1lltam egy pihen\u0151helyen. K\u00e9t kisfi\u00fa j\u00f6tt hozz\u00e1m egy-egy vir\u00e1gcsokrot tartva a kez\u00fckben. Az id\u0151sebbik 7-8 \u00e9ves lehetett, a kisebbik 5-6. &#8211; Adsz nek\u00fcnk is egy darab kenyeret vagy valami p\u00e9nzt? &#8211; k\u00e9rdezte a nagyobbik. Mivel viszonylag j\u00f3l \u00f6lt\u00f6z\u00f6ttek voltak \u00e9s nem t\u0171ntek tipikus cig\u00e1ny gyerek koldusoknak, nyitottabb lettem az adakoz\u00e1sra. &#8211; Nincs &hellip; <\/p>\n","protected":false},"author":1,"featured_media":426,"comment_status":"open","ping_status":"open","sticky":false,"template":"","format":"standard","meta":[],"categories":[1],"tags":[],"_links":{"self":[{"href":"https:\/\/albulevente.ro\/index.php\/wp-json\/wp\/v2\/posts\/351"}],"collection":[{"href":"https:\/\/albulevente.ro\/index.php\/wp-json\/wp\/v2\/posts"}],"about":[{"href":"https:\/\/albulevente.ro\/index.php\/wp-json\/wp\/v2\/types\/post"}],"author":[{"embeddable":true,"href":"https:\/\/albulevente.ro\/index.php\/wp-json\/wp\/v2\/users\/1"}],"replies":[{"embeddable":true,"href":"https:\/\/albulevente.ro\/index.php\/wp-json\/wp\/v2\/comments?post=351"}],"version-history":[{"count":3,"href":"https:\/\/albulevente.ro\/index.php\/wp-json\/wp\/v2\/posts\/351\/revisions"}],"predecessor-version":[{"id":1160,"href":"https:\/\/albulevente.ro\/index.php\/wp-json\/wp\/v2\/posts\/351\/revisions\/1160"}],"wp:featuredmedia":[{"embeddable":true,"href":"https:\/\/albulevente.ro\/index.php\/wp-json\/wp\/v2\/media\/426"}],"wp:attachment":[{"href":"https:\/\/albulevente.ro\/index.php\/wp-json\/wp\/v2\/media?parent=351"}],"wp:term":[{"taxonomy":"category","embeddable":true,"href":"https:\/\/albulevente.ro\/index.php\/wp-json\/wp\/v2\/categories?post=351"},{"taxonomy":"post_tag","embeddable":true,"href":"https:\/\/albulevente.ro\/index.php\/wp-json\/wp\/v2\/tags?post=351"}],"curies":[{"name":"wp","href":"https:\/\/api.w.org\/{rel}","templated":true}]}}