{"id":288,"date":"2016-04-25T11:01:51","date_gmt":"2016-04-25T09:01:51","guid":{"rendered":"https:\/\/bosegeselet.wordpress.com\/?p=288"},"modified":"2017-04-07T17:58:37","modified_gmt":"2017-04-07T15:58:37","slug":"a-vallas-venasszonyoknak-valo-egyetertek","status":"publish","type":"post","link":"https:\/\/albulevente.ro\/index.php\/2016\/04\/25\/a-vallas-venasszonyoknak-valo-egyetertek\/","title":{"rendered":"&#8222;A vall\u00e1s v\u00e9nasszonyoknak val\u00f3.&#8221; Egyet\u00e9rtek."},"content":{"rendered":"<p><img decoding=\"async\" loading=\"lazy\" class=\"size-medium wp-image-331 alignright\" src=\"http:\/\/albulevente.ro\/wp-content\/uploads\/2016\/04\/1-oranges-danny-smythe-e1489094773191-300x150.jpg\" alt=\"\" width=\"300\" height=\"150\" \/>\u201eA vall\u00e1s idej\u00e9tm\u00falt felfog\u00e1s.\u201d Szerintem is.<\/p>\n<p>\u201eSok vall\u00e1sos ember rosszabb a nem vall\u00e1sosokn\u00e1l.\u201d Ez is igaz.<\/p>\n<p>\u201eA vall\u00e1snak nem sok k\u00f6ze van a val\u00f3di \u00e9lethez.\u201d H\u00e1t ja.<\/p>\n<p>\u201eA vall\u00e1s miatt nagyon sok h\u00e1bor\u00fa volt!\u201d \u00dagy van.<\/p>\n<p>\u201eNekem nincs sz\u00fcks\u00e9gem vall\u00e1sra.\u201d Nekem sincs.<\/p>\n<p>\u201eEgy\u00e1ltal\u00e1n mi\u00e9rt van annyi vall\u00e1s, ha egy Isten van?\u201d<\/p>\n<p>\u00c9n nem tudom mi\u00e9rt, de egy dolgot tudok: <strong>b\u00e1r a narancs h\u00e9ja nem finom, a belseje igen.<\/strong> Tegy\u00fck fel, hogy eddig nem is hallott\u00e1l a narancsr\u00f3l vagy egy\u00e9bb citrusf\u00e9l\u00e9r\u0151l, \u00e9s most kapsz valakit\u0151l egy sz\u00e9p p\u00e9ld\u00e1nyt. Mivel nem tudod, hogy kell enni, beleharapsz, mint az alm\u00e1ba. Milyen? Keser\u0171! Kik\u00f6p\u00f6d, amit befalt\u00e1l \u00e9s eldobod. Milyen k\u00e1r eldobni a narancsot! Milyen k\u00e1r, hogy nagyon sokan a vall\u00e1s miatt eldobj\u00e1k magukt\u00f3l Krisztus k\u00f6vet\u00e9s\u00e9t is, pedig az is olyan, mint a narancs belseje: finom, zamatos, eg\u00e9szs\u00e9ges.<\/p>\n<p><strong>Mert vall\u00e1sosnak lenni \u00e9s Krisztust k\u00f6vetni nem ugyanazt jelenti!<\/strong><\/p>\n<p>\u0150 egyszer ezt mondta: \u201e\u00c9n az\u00e9rt j\u00f6ttem, hogy \u00e9let\u00fck legyen, s\u0151t b\u0151s\u00e9gben \u00e9ljenek.\u201d (J\u00e1nos ev. 10,10) Akkor viszont \u2013 gondolom, egyet\u00e9rtesz \u2013 valami nem stimmel! Hiszen a legt\u00f6bb embernek a vall\u00e1sr\u00f3l nem a b\u0151s\u00e9g \u00e9s beteljes\u00fcl\u00e9s jut esz\u00e9be, hanem az a k\u00ednos \u00f3ra, amit v\u00e9gig kell \u00fclnie egy istentiszteleten.<\/p>\n<p>Manaps\u00e1g a vall\u00e1s sz\u00f3 rokon\u00e9rtelm\u0171 a m\u00edtosz sz\u00f3val, \u00e9s vall\u00e1sos \u00e9let\u0171 emberek is csak m\u00edtosznak tartj\u00e1k a J\u00e9zus \u00e9let\u00e9r\u0151l le\u00edrt dolgokat. <strong>De te olvastad m\u00e1r az evang\u00e9liumokat? <\/strong>C.S. Lewis, a h\u00edres oxfordi irodalomprofesszor szerint nem kell nagy tudom\u00e1ny ahhoz,\u00a0 hogy bel\u00e1ssuk: ezek nem m\u00edtoszok, hanem tud\u00f3s\u00edt\u00e1sok J\u00e9zus \u00e9let\u00e9r\u0151l \u00e9s tan\u00edt\u00e1s\u00e1r\u00f3l. Mik\u00f6zben k\u00f6vet\u0151i ma is olvass\u00e1k, \u00e9rzik, hogy egy \u00e9l\u0151 szem\u00e9llyel van dolguk, \u00e9s ez nem halott vall\u00e1soss\u00e1g, nem kelletlen templomba j\u00e1r\u00e1s, hanem<strong> szem\u00e9lyes kapcsolat Krisztussal.<\/strong> Megtapasztalj\u00e1k jelenl\u00e9t\u00e9t \u00e9s vezet\u00e9s\u00e9t naponta \u2013 ez nagy \u00e9lvezet!<\/p>\n<p>Hallottam emberekr\u0151l, akik nagy k\u00f6veket tesznek h\u00e1tizs\u00e1kjukba, \u00fagy mennek fel a hegyekbe&#8230; hogy megtisztuljanak. De vajon h\u00e1ny k\u00f6vet kell felvigyenek? J\u00e9zus k\u00f6vet\u0151i <strong>viszont szabadok a lelkiismeret furdal\u00e1s \u00e9s b\u0171ntudat terhe al\u00f3l, <\/strong>mert elhitt\u00e9k, amit Keresztel\u0151 J\u00e1nos mondott: \u201e\u00cdme, az Isten B\u00e1r\u00e1nya, aki hordozza a vil\u00e1g b\u0171n\u00e9t!\u201d (Jn 1,29) Az \u0151 b\u0171neiket is. Ez nagy k\u00fcl\u00f6nbs\u00e9g! \u00cdgy lehet \u00e9lni felszabadultan, \u00f6r\u00f6mmel.<\/p>\n<p>A betanult im\u00e1k is j\u00f3k, de ha csak azokat mondjuk, akkor vall\u00e1sos emberek vagyunk \u00e9s az im\u00e1ds\u00e1g sz\u00e1munkra csak ritu\u00e1l\u00e9. J\u00e9zus tan\u00edtv\u00e1ny\u00e1nak lenni viszont azt jelenti, hogy <strong>saj\u00e1t szavaimmal \u00e9s sz\u00edvemmel im\u00e1dkozom.<\/strong> Nem kis \u00f6r\u00f6m megtapasztalni, hogy Isten v\u00e1laszol ezekre az im\u00e1kra, hogy nem vagyok egyed\u00fcl a neh\u00e9zs\u00e9gekben, hogy Valaki t\u00f6r\u0151dik velem, m\u00e9ghozz\u00e1 jobban, mint \u00e9n magammal.<\/p>\n<p>Sz\u00f3val vall\u00e1sosnak lenni \u00e9s Krisztust k\u00f6vetni nem ugyanaz&#8230; b\u00e1rmelyik felekezethez tartozn\u00e1l is.<\/p>\n<p><strong>Ez\u00e9rt fel kell tenn\u00fcnk a k\u00e9rd\u00e9st magunknak: \u201eA vall\u00e1s v\u00e9nasszonyoknak val\u00f3&#8230; ok\u00e9&#8230; de J\u00e9zussal mit kezdek? Eldobjam a narancsot, mert a h\u00e9ja keser\u0171?\u201d \u00c9n nem tenn\u00e9m ezt.<\/strong><\/p>\n<p>\u201eDe mi van, ha nekem Buddha szimpatikusabb, mint J\u00e9zus?\u201d &#8211; k\u00e9rdezhetn\u00e9d. <strong>Lehets\u00e9ges, hogy ez az\u00e9rt van, mert nem ismered el\u00e9gg\u00e9 \u0151t\u2026<\/strong> J\u00e9zus annyira csod\u00e1latos! Goethe ezt \u00edrta r\u00f3la: \u201eHa az Isten valaha megjelent a F\u00f6ld\u00f6n, az Krisztus szem\u00e9ly\u00e9ben volt.\u201d\u00a0 El\u0151bb-ut\u00f3bb viszont azzal is szembe kell n\u00e9zn\u00fcnk, amit J\u00e9zus mag\u00e1r\u00f3l mondott: \u201e\u00c9n vagyok az \u00fat, az igazs\u00e1g \u00e9s az \u00e9let; senki sem mehet az Aty\u00e1hoz, csakis \u00e9n\u00e1ltalam.\u201d (Jn 14,6)<\/p>\n<p>U.I. Sz\u00edvesen olvasn\u00e1m visszajelz\u00e9seidet!<\/p>\n<p>Email: <a href=\"mailto:albu.levente@gmail.com\">albu.levente@gmail.com<\/a><\/p>\n<div class=\"sharelinks\" style=\"\">\n\t<a title=\"&#8222;A vall\u00e1s v\u00e9nasszonyoknak val\u00f3.&#8221; Egyet\u00e9rtek.\" rel=\"nofollow\" target=\"_blank\" href=\"http:\/\/www.facebook.com\/sharer.php?u=https:\/\/albulevente.ro\/index.php\/2016\/04\/25\/a-vallas-venasszonyoknak-valo-egyetertek\/\"><img width=\"56\" height=\"20\" alt=\"facebook\" src=\"https:\/\/albulevente.ro\/wp-content\/plugins\/facebook-google-twitter-share\/images\/facebook.png\"><\/a>\n\t<a title=\"&#8222;A vall\u00e1s v\u00e9nasszonyoknak val\u00f3.&#8221; Egyet\u00e9rtek.\" rel=\"nofollow\" target=\"_blank\" href=\"https:\/\/plus.google.com\/share?url=https:\/\/albulevente.ro\/index.php\/2016\/04\/25\/a-vallas-venasszonyoknak-valo-egyetertek\/\"><img width=\"60\" height=\"20\" alt=\"google plus\" src=\"https:\/\/albulevente.ro\/wp-content\/plugins\/facebook-google-twitter-share\/images\/googleplus.png\"><\/a>\n\t<a title=\"&#8222;A vall\u00e1s v\u00e9nasszonyoknak val\u00f3.&#8221; Egyet\u00e9rtek.\" Nagar\" rel=\"nofollow\" target=\"_blank\" href=\"http:\/\/twitter.com\/home?status=&#8222;A vall\u00e1s v\u00e9nasszonyoknak val\u00f3.&#8221; Egyet\u00e9rtek. https:\/\/albulevente.ro\/index.php\/2016\/04\/25\/a-vallas-venasszonyoknak-valo-egyetertek\/\"><img width=\"70\" height=\"20\" alt=\"twitter\" src=\"https:\/\/albulevente.ro\/wp-content\/plugins\/facebook-google-twitter-share\/images\/twitter.png\"><\/a>\n\t<\/div>","protected":false},"excerpt":{"rendered":"<p>\u201eA vall\u00e1s idej\u00e9tm\u00falt felfog\u00e1s.\u201d Szerintem is. \u201eSok vall\u00e1sos ember rosszabb a nem vall\u00e1sosokn\u00e1l.\u201d Ez is igaz. \u201eA vall\u00e1snak nem sok k\u00f6ze van a val\u00f3di \u00e9lethez.\u201d H\u00e1t ja. \u201eA vall\u00e1s miatt nagyon sok h\u00e1bor\u00fa volt!\u201d \u00dagy van. \u201eNekem nincs sz\u00fcks\u00e9gem vall\u00e1sra.\u201d Nekem sincs. \u201eEgy\u00e1ltal\u00e1n mi\u00e9rt van annyi vall\u00e1s, ha egy Isten van?\u201d \u00c9n nem tudom mi\u00e9rt, &hellip; <\/p>\n","protected":false},"author":1,"featured_media":0,"comment_status":"open","ping_status":"open","sticky":false,"template":"","format":"standard","meta":[],"categories":[1],"tags":[],"_links":{"self":[{"href":"https:\/\/albulevente.ro\/index.php\/wp-json\/wp\/v2\/posts\/288"}],"collection":[{"href":"https:\/\/albulevente.ro\/index.php\/wp-json\/wp\/v2\/posts"}],"about":[{"href":"https:\/\/albulevente.ro\/index.php\/wp-json\/wp\/v2\/types\/post"}],"author":[{"embeddable":true,"href":"https:\/\/albulevente.ro\/index.php\/wp-json\/wp\/v2\/users\/1"}],"replies":[{"embeddable":true,"href":"https:\/\/albulevente.ro\/index.php\/wp-json\/wp\/v2\/comments?post=288"}],"version-history":[{"count":3,"href":"https:\/\/albulevente.ro\/index.php\/wp-json\/wp\/v2\/posts\/288\/revisions"}],"predecessor-version":[{"id":1109,"href":"https:\/\/albulevente.ro\/index.php\/wp-json\/wp\/v2\/posts\/288\/revisions\/1109"}],"wp:attachment":[{"href":"https:\/\/albulevente.ro\/index.php\/wp-json\/wp\/v2\/media?parent=288"}],"wp:term":[{"taxonomy":"category","embeddable":true,"href":"https:\/\/albulevente.ro\/index.php\/wp-json\/wp\/v2\/categories?post=288"},{"taxonomy":"post_tag","embeddable":true,"href":"https:\/\/albulevente.ro\/index.php\/wp-json\/wp\/v2\/tags?post=288"}],"curies":[{"name":"wp","href":"https:\/\/api.w.org\/{rel}","templated":true}]}}