{"id":2099,"date":"2026-04-03T10:14:12","date_gmt":"2026-04-03T08:14:12","guid":{"rendered":"https:\/\/albulevente.ro\/?p=2099"},"modified":"2026-04-03T10:14:12","modified_gmt":"2026-04-03T08:14:12","slug":"mi-segit-a-keresztenynek-amikor-az-emberek-elutasitasaval-talalkozik","status":"publish","type":"post","link":"https:\/\/albulevente.ro\/index.php\/2026\/04\/03\/mi-segit-a-keresztenynek-amikor-az-emberek-elutasitasaval-talalkozik\/","title":{"rendered":"Mi seg\u00edt a kereszt\u00e9nynek, amikor az emberek elutas\u00edt\u00e1s\u00e1val tal\u00e1lkozik?"},"content":{"rendered":"\n<p><img decoding=\"async\" loading=\"lazy\" class=\"size-full wp-image-2101 alignright\" src=\"http:\/\/albulevente.ro\/wp-content\/uploads\/2026\/04\/Jesus_washing_Peters_feet.jpg\" alt=\"\" width=\"225\" height=\"199\" \/>N\u00e9ha a kereszt\u00e9ny ember ragaszkod\u00e1sa a meggy\u0151z\u0151d\u00e9seihez ellens\u00e9gesked\u00e9st v\u00e1lthat ki a k\u00f6r\u00fcl\u00f6tte \u00e9l\u0151kben. Vagy egy eg\u00e9sz orsz\u00e1gban, mint ahogy \u00e9pp a napokban t\u00f6rt\u00e9nt Finnorsz\u00e1gban. A 2011-2015 k\u00f6z\u00f6tt hivatalban l\u00e9v\u0151 finn bel\u00fcgyminiszter, P\u00e4ivi R\u00e4s\u00e4nen m\u00e9g 2004-ben \u00edrt egy \u00e1ll\u00e1sfoglal\u00e1st a homoszexualit\u00e1sr\u00f3l, <em>\u201emeger\u0151s\u00edtve a kereszt\u00e9ny tan\u00edt\u00e1st, amely a homoszexualit\u00e1st nem tekinti a heteroszexualit\u00e1ssal egyenl\u0151, term\u00e9szetes szexu\u00e1lis viselked\u00e9snek.\u201d\u00b9<\/em>\u00a0A Finn Legfels\u0151bb B\u00edr\u00f3s\u00e1g most el\u00edt\u00e9lte gy\u0171l\u00f6letbesz\u00e9d \u00e9s kisebbs\u00e9g elleni usz\u00edt\u00e1s v\u00e1dj\u00e1val.<\/p>\n<p><strong>Mi seg\u00edti a Krisztus k\u00f6vet\u0151t, hogy engedelmeskedjen Ur\u00e1nak, amikor tudja, hogy az emberek elutas\u00edt\u00e1s\u00e1ban r\u00e9szes\u00fclhet Istenhez val\u00f3 h\u0171s\u00e9ge miatt?<\/strong> &#8230; Hogy tudja egy kereszt\u00e9ny k\u00f6zismert szem\u00e9ly P\u00e4ivi R\u00e4s\u00e4nenhez hasonl\u00f3an k\u00e9pviselni \u00e1ll\u00e1spontj\u00e1t? Hogy tud nemet mondani egy fiatal alkalmazott f\u0151n\u00f6ke erk\u00f6lcstelen k\u00e9r\u00e9s\u00e9re? Hisz karrierj\u00e9t kock\u00e1ztatja. Vagy hogyan tudn\u00e1 megszak\u00edtani valaki a p\u00e1rkapcsolat\u00e1t, ha a p\u00e1rja teljesen m\u00e1s \u00e9rt\u00e9kek ment\u00e9n k\u00e9pzeli el az \u00e9letet? Hisz lehet nem tal\u00e1l majd h\u00e1zast\u00e1rsat, \u00e9s m\u00e9g az emberek is el\u00edt\u00e9lik ez\u00e9rt.<\/p>\n<p><strong>J\u00e1nos apostolnak egy \u00e9rdekes megjegyz\u00e9s\u00e9re bukkanunk, ha az utols\u00f3 vacsora kezd\u0151 mozzanat\u00e1t olvassuk<\/strong>. Ebb\u0151l megtudjuk, hogy mi seg\u00edtette Megv\u00e1lt\u00f3nkat a v\u00e9gs\u0151 engedelmess\u00e9g\u00e9ben. Az k\u00f6zismert, hogy nagycs\u00fct\u00f6rt\u00f6k est\u00e9j\u00e9n J\u00e9zus elkezdte mosni tan\u00edtv\u00e1nyai l\u00e1b\u00e1t, \u00e9s ezzel megal\u00e1zkod\u00e1s\u00e1nak \u00e9s megal\u00e1ztat\u00e1s\u00e1nak nagyheti \u00fatj\u00e1ra l\u00e9pett. De tal\u00e1n nem annyira ismert az, hogy J\u00e1nos apostol a besz\u00e1mol\u00f3j\u00e1t ezzel a megjegyz\u00e9ssel vezeti be: <em>\u201eJ\u00e9zus tudva, hogy az Atya mindent a kez\u00e9be adott, \u00e9s hogy az Istent\u0151l j\u00f6tt, \u00e9s az Istenhez megy, felkelt a vacsor\u00e1t\u00f3l,&#8230; \u00e9s elkezdte a tan\u00edtv\u00e1nyok l\u00e1b\u00e1t mosni&#8230;\u201d<\/em> (Jn 13,3-5).<\/p>\n<p>Hogy tudott teh\u00e1t J\u00e9zus engedelmeskedni Isten akarat\u00e1nak, mikor tudta, hogy az emberek nemcsak elutas\u00edtj\u00e1k, hanem meg is \u00f6lik? J\u00e1nos szerint \u00fagy, hogy tiszt\u00e1ban volt szem\u00e9ly\u00e9nek legm\u00e9lyebb identit\u00e1s\u00e1val. Tudta, hogy kicsoda: \u0151 Isten Fia, aki \u00f6r\u00f6kt\u0151l fogva a Szenth\u00e1roms\u00e1g Istenn\u00e9l volt, t\u0151le j\u00f6tt, \u00e9s hozz\u00e1 megy vissza. F\u00f6ldi viszonylatban n\u00e1z\u00e1reti sz\u00e1rmaz\u00e1s\u00fa zsid\u00f3 volt, els\u0151sz\u00fcl\u00f6tt fi\u00fa, \u00e1csmester, rabbi, \u00faj hitet hirdet\u0151 tan\u00edt\u00f3, de identit\u00e1s\u00e1nak nem ezek az elemei seg\u00edtett\u00e9k, hanem az \u00f6r\u00f6kk\u00e9val\u00f3, lelki identit\u00e1sa, az, hogy \u0151 a Fi\u00fa Isten.<\/p>\n<p><strong>Mi\u00e9rt ez a legm\u00e9lyebb, els\u0151dleges identit\u00e1sa seg\u00edtette \u0151t a kereszt fel\u00e9 vezet\u0151 \u00fatj\u00e1ban? Ezt akkor \u00e9rtj\u00fck meg, ha megfigyelj\u00fck az identit\u00e1sk\u00e9rd\u00e9s m\u0171k\u00f6d\u00e9s\u00e9t n\u00e1lunk emberekn\u00e9l.<\/strong><\/p>\n<p>Mindenki el tudja mondani mag\u00e1r\u00f3l, hogy f\u00f6ldi viszonylatban kb. kicsoda (pl. magyar, fiatal, n\u0151, angol tan\u00e1r, anya, sportos alkat\u00fa, t\u00far\u00e1zni szeret\u0151 stb.). Ez a m\u00e1sodlagos identit\u00e1sunk megvan t\u00f6bb\u00e9-kev\u00e9sb\u00e9, ha m\u00e9g alakul is id\u0151vel. De ezent\u00fal mindenkiben ott van az a v\u00e1gy, hogy bizony\u00edtsa \u00e9rt\u00e9kes volt\u00e1t, azt, hogy \u00e9let\u00e9nek van jelent\u0151s\u00e9ge \u00e9s \u00e9rtelme, azt, hogy \u0151 olyan valaki, aki meg\u00e9rdemli az emberek (vagy ak\u00e1r Isten) elismer\u00e9s\u00e9t. Ezt szakzsargonnal \u00fagy h\u00edvj\u00e1k, hogy identit\u00e1st \u00e9p\u00edt, az els\u0151dleges, legm\u00e9lyebb identit\u00e1s\u00e1t. Hogyan teszi ezt az ember? Timothy Keller szerint: <em>\u201eNapjaink individualista kult\u00far\u00e1j\u00e1ban ink\u00e1bb a teljes\u00edtm\u00e9ny\u00fcnkb\u0151l, t\u00e1rsadalmi helyzet\u00fcnkb\u0151l, adotts\u00e1gainkb\u00f3l vagy szerelmi kapcsolatainkb\u00f3l pr\u00f3b\u00e1ljuk elnyerni [identit\u00e1sunkat \u00e9s \u00f6n\u00e9rt\u00e9kel\u00e9s\u00fcnket]. Az identit\u00e1s megalapoz\u00e1s\u00e1nak v\u00e9gtelen lehet\u0151s\u00e9ge van\u201d<\/em>.\u00b2 Teh\u00e1t a helyzet az, hogy mi, emberek nem puszt\u00e1n v\u00e1gyunk siker, pozici\u00f3k, elismer\u00e9s, kapcsolatok stb. ut\u00e1n, hanem ezekb\u0151l mer\u00edtj\u00fck v\u00e9gs\u0151 identit\u00e1sunkat, ezek \u00e1ltal akarjuk bizony\u00edtani \u00e9rt\u00e9kess\u00e9g\u00fcnket, jelent\u0151s\u00e9g\u00fcnket\u2026 mondhatjuk \u00edgy is: azt, hogy valakik vagyunk. Ez egy\u00e9bk\u00e9nt az ember legfontosabb c\u00e9lja. (Hogy ez mi\u00e9rt t\u00e9v\u00fat, arr\u00f3l b\u0151vebben m\u00e1s cikkben \u00edrok.)<\/p>\n<p>Ezt figyelembe v\u00e9ve l\u00e1thatjuk, hogy mi\u00e9rt neh\u00e9z Isten akarat\u00e1t teljes\u00edteni olyan helyzetekben, amelyekben m\u00e1sok elutas\u00edt\u00e1s\u00e1val \u00e9s el\u00edt\u00e9l\u00e9s\u00e9vel kell sz\u00e1molnunk. Az\u00e9rt, mert az emberek elfogad\u00e1s\u00e1t \u00e9s elismer\u00e9s\u00e9t elvesz\u00edtve \u00e9ppen az identit\u00e1s\u00e9p\u00edt\u00e9s\u00fcnk fullad kudarcba.<\/p>\n<p>\u00c9s most m\u00e1r l\u00e1tjuk azt is, hogy J\u00e9zust mi\u00e9rt az a tudat seg\u00edtette, hogy <em>\u201eaz Atya mindent a kez\u00e9be adott, \u00e9s hogy az Istent\u0151l j\u00f6tt, \u00e9s az Istenhez megy\u201d<\/em>. Mert \u00f6nbecs\u00fcl\u00e9s\u00e9t \u00e9s v\u00e9gs\u0151 identit\u00e1s\u00e1t nem az emberek elismer\u00e9se hat\u00e1rozta meg, hanem az Istennel val\u00f3 \u00f6r\u00f6k kapcsolata. Ez\u00e9rt tudta elviselni saj\u00e1t n\u00e9p\u00e9nek \u00e9s a r\u00f3mai politikai vezet\u0151knek az elutas\u00edt\u00e1s\u00e1t, s\u0151t, tan\u00edtv\u00e1nyai h\u0171tlens\u00e9g\u00e9t is.<\/p>\n<p><strong>Ha J\u00e9zust az identit\u00e1studata seg\u00edtette \u00e9letvesz\u00e9llyel j\u00e1r\u00f3 engedelmess\u00e9g\u00e9ben, akkor minket, kereszt\u00e9nyeket is a Krisztusban nyert \u00faj identit\u00e1sunk ismerete tud seg\u00edteni.<\/strong> Mert annak az embernek, aki befogadta J\u00e9zus Krisztust az \u00e9let\u00e9be, van egy stabil, \u00f6r\u00f6kk\u00e9val\u00f3 identit\u00e1sa, \u00e9spedig \u0151 Isten gyermeke: <em>\u201eAkik pedig befogadt\u00e1k [Krisztust], azoknak hatalmat adott arra, hogy Isten gyermekeiv\u00e9 legyenek; mindazoknak, akik hisznek az \u0151 nev\u00e9ben\u201d<\/em> (Jn 1,12). Egy\u00e9bk\u00e9nt sokf\u00e9lek\u00e9ppen \u00edrja le a Biblia a megt\u00e9r\u0151 ember \u00faj identit\u00e1s\u00e1t: igaznak nyilv\u00e1n\u00edtott b\u0171n\u00f6s, Isten orsz\u00e1g\u00e1nak polg\u00e1ra, a Szentl\u00e9lek temploma, \u00faj term\u00e9szettel rendelkez\u0151 ember stb.\u00b3 Ez a minden k\u00e9pzeletet fel\u00fclm\u00fal\u00f3 \u00faj identit\u00e1s tud seg\u00edteni a h\u00edv\u0151 embernek is a Krisztus k\u00f6vet\u00e9s\u00e9ben olyan helyzetekben, amikor el\u00edt\u00e9lik \u0151t m\u00e1s emberek.<\/p>\n<p>Hogyan? \u00dagy, hogy ha Isten szeretett gyermeke vagyok, akkor ez a legm\u00e9lyebb identit\u00e1som, nincs sz\u00fcks\u00e9gem arra, hogy az emberek elismer\u00e9s\u00e9re, sikerre, sok \u00e9vi munk\u00e1mra vagy az el\u00e9rt d\u00edjakra \u00e9p\u00edtsem fel az identit\u00e1som. Ez\u00e9rt, ha elutas\u00edt\u00e1sban is van r\u00e9szem az emberek (ak\u00e1rki) r\u00e9sz\u00e9r\u0151l, tov\u00e1bbra is Isten \u00e9rt\u00e9kes gyermeke maradok, \u201enem d\u0151l \u00f6ssze a vil\u00e1g\u201d.<\/p>\n<p><strong>Ha teh\u00e1t tudat\u00e1ban vagyok a Krisztusban val\u00f3 identit\u00e1somnak, akkor ez tud igaz\u00e1n seg\u00edteni abban, hogy engedelmeskedjek Istennek akkor is, ha kik\u00f6z\u00f6s\u00edtenek vagy h\u00e1tr\u00e1nyos helyzetbe ker\u00fcl\u00f6k a hitem miatt.<\/strong> Lehet kinevetnek a bar\u00e1tok az\u00e9rt, mert a Bibli\u00e1t olvasom \u00e9s im\u00e1dkozom, de nekem nem \u0151k mondj\u00e1k meg, hogy ki vagyok \u00e9s hogy j\u00f3fej vagyok-e vagy sem, hanem Isten. Lehet el\u00edt\u00e9lnek az emberek az\u00e9rt, mert nemet mondok olyan felk\u00e9r\u00e9sekre, amelyek ellenkeznek Isten akarat\u00e1val (pl. hazugs\u00e1g), de megint, nem az hat\u00e1roz meg, amit az emberek gondolnak r\u00f3lam.<\/p>\n<p>Bizony\u00e1ra P\u00e4ivi R\u00e4s\u00e4nent ez seg\u00edti tov\u00e1bbra is ki\u00e1llni meggy\u0151z\u0151d\u00e9se mellett, mint hitvall\u00f3 kereszt\u00e9ny. Az orsz\u00e1g legfels\u0151bb b\u00edr\u00f3s\u00e1ga is el\u00edt\u00e9lheti, ak\u00e1r milli\u00f3 honfit\u00e1rsa gy\u0171l\u00f6lk\u00f6d\u0151nek \u00e9s \u201ekisebbs\u00e9g elleni usz\u00edt\u00f3nak\u201d b\u00e9lyegezheti, m\u00e9gis tudhatja, hogy Isten gyermeke, ez a legm\u00e9lyebb identit\u00e1sa, stabilan, egy eg\u00e9sz \u00f6r\u00f6kk\u00e9val\u00f3s\u00e1gra\u2026<\/p>\n<p><strong>Tov\u00e1bbgondolnival\u00f3<\/strong><br \/><em>Mi az, ami t\u00e9ged megakad\u00e1lyoz engedelmeskedni Istennek? Ha felismered, hogy te is f\u00f6ldi dolgokb\u00f3l mer\u00edted legm\u00e9lyebb identit\u00e1sodat, gyere Krisztushoz. Ha m\u00e9g nem fogadtad be \u0151t, akkor megteheted, \u00e9s l\u00e1sd meg: az \u00faj identit\u00e1s, amit \u00e1ltala nyersz, sokkal \u00e9rt\u00e9kesebb, mint b\u00e1rmi m\u00e1s ezen a f\u00f6ld\u00f6n, \u00e9s k\u00e9pes leszel engedelmeskedni Istennek, aki a legjobbat akarja neked.<\/em><\/p>\n<hr \/>\n<p>\u00b9 Szabados \u00c1d\u00e1m,\u00a0<em>T\u00f6r\u00e9keny, <\/em>https:\/\/szabadosadam.hu\/torekeny\/<br \/>\u00b2 Timothy Keller,\u00a0<em>Hit \u00e9s k\u00e9telked\u00e9s\u00a0<\/em>(Kolozsv\u00e1r: Koin\u00f3nia, Budapest: Harmat, 2012), 184.<br \/>\u00b3 R\u00f3m 3,21-26; Ef 2,19; 1Kor 6,19; 2Pt 1,4<\/p>\n<div class=\"sharelinks\" style=\"\">\n\t<a title=\"Mi seg\u00edt a kereszt\u00e9nynek, amikor az emberek elutas\u00edt\u00e1s\u00e1val tal\u00e1lkozik?\" rel=\"nofollow\" target=\"_blank\" href=\"http:\/\/www.facebook.com\/sharer.php?u=https:\/\/albulevente.ro\/index.php\/2026\/04\/03\/mi-segit-a-keresztenynek-amikor-az-emberek-elutasitasaval-talalkozik\/\"><img width=\"56\" height=\"20\" alt=\"facebook\" src=\"https:\/\/albulevente.ro\/wp-content\/plugins\/facebook-google-twitter-share\/images\/facebook.png\"><\/a>\n\t<a title=\"Mi seg\u00edt a kereszt\u00e9nynek, amikor az emberek elutas\u00edt\u00e1s\u00e1val tal\u00e1lkozik?\" rel=\"nofollow\" target=\"_blank\" href=\"https:\/\/plus.google.com\/share?url=https:\/\/albulevente.ro\/index.php\/2026\/04\/03\/mi-segit-a-keresztenynek-amikor-az-emberek-elutasitasaval-talalkozik\/\"><img width=\"60\" height=\"20\" alt=\"google plus\" src=\"https:\/\/albulevente.ro\/wp-content\/plugins\/facebook-google-twitter-share\/images\/googleplus.png\"><\/a>\n\t<a title=\"Mi seg\u00edt a kereszt\u00e9nynek, amikor az emberek elutas\u00edt\u00e1s\u00e1val tal\u00e1lkozik?\" Nagar\" rel=\"nofollow\" target=\"_blank\" href=\"http:\/\/twitter.com\/home?status=Mi seg\u00edt a kereszt\u00e9nynek, amikor az emberek elutas\u00edt\u00e1s\u00e1val tal\u00e1lkozik? https:\/\/albulevente.ro\/index.php\/2026\/04\/03\/mi-segit-a-keresztenynek-amikor-az-emberek-elutasitasaval-talalkozik\/\"><img width=\"70\" height=\"20\" alt=\"twitter\" src=\"https:\/\/albulevente.ro\/wp-content\/plugins\/facebook-google-twitter-share\/images\/twitter.png\"><\/a>\n\t<\/div>","protected":false},"excerpt":{"rendered":"<p>N\u00e9ha a kereszt\u00e9ny ember ragaszkod\u00e1sa a meggy\u0151z\u0151d\u00e9seihez ellens\u00e9gesked\u00e9st v\u00e1lthat ki a k\u00f6r\u00fcl\u00f6tte \u00e9l\u0151kben. Vagy egy eg\u00e9sz orsz\u00e1gban, mint ahogy \u00e9pp a napokban t\u00f6rt\u00e9nt Finnorsz\u00e1gban. A 2011-2015 k\u00f6z\u00f6tt hivatalban l\u00e9v\u0151 finn bel\u00fcgyminiszter, P\u00e4ivi R\u00e4s\u00e4nen m\u00e9g 2004-ben \u00edrt egy \u00e1ll\u00e1sfoglal\u00e1st a homoszexualit\u00e1sr\u00f3l, \u201emeger\u0151s\u00edtve a kereszt\u00e9ny tan\u00edt\u00e1st, amely a homoszexualit\u00e1st nem tekinti a heteroszexualit\u00e1ssal egyenl\u0151, term\u00e9szetes szexu\u00e1lis viselked\u00e9snek.\u201d\u00b9\u00a0A &hellip; <\/p>\n","protected":false},"author":1,"featured_media":2101,"comment_status":"closed","ping_status":"open","sticky":false,"template":"","format":"standard","meta":[],"categories":[26,60,155,61,172,154,25,52],"tags":[113,2,261,249,256,137,251,64,263,175,255,252,257,6,178,250,260,259,254,253,262,258],"_links":{"self":[{"href":"https:\/\/albulevente.ro\/index.php\/wp-json\/wp\/v2\/posts\/2099"}],"collection":[{"href":"https:\/\/albulevente.ro\/index.php\/wp-json\/wp\/v2\/posts"}],"about":[{"href":"https:\/\/albulevente.ro\/index.php\/wp-json\/wp\/v2\/types\/post"}],"author":[{"embeddable":true,"href":"https:\/\/albulevente.ro\/index.php\/wp-json\/wp\/v2\/users\/1"}],"replies":[{"embeddable":true,"href":"https:\/\/albulevente.ro\/index.php\/wp-json\/wp\/v2\/comments?post=2099"}],"version-history":[{"count":3,"href":"https:\/\/albulevente.ro\/index.php\/wp-json\/wp\/v2\/posts\/2099\/revisions"}],"predecessor-version":[{"id":2103,"href":"https:\/\/albulevente.ro\/index.php\/wp-json\/wp\/v2\/posts\/2099\/revisions\/2103"}],"wp:featuredmedia":[{"embeddable":true,"href":"https:\/\/albulevente.ro\/index.php\/wp-json\/wp\/v2\/media\/2101"}],"wp:attachment":[{"href":"https:\/\/albulevente.ro\/index.php\/wp-json\/wp\/v2\/media?parent=2099"}],"wp:term":[{"taxonomy":"category","embeddable":true,"href":"https:\/\/albulevente.ro\/index.php\/wp-json\/wp\/v2\/categories?post=2099"},{"taxonomy":"post_tag","embeddable":true,"href":"https:\/\/albulevente.ro\/index.php\/wp-json\/wp\/v2\/tags?post=2099"}],"curies":[{"name":"wp","href":"https:\/\/api.w.org\/{rel}","templated":true}]}}