{"id":1644,"date":"2024-07-27T23:51:16","date_gmt":"2024-07-27T21:51:16","guid":{"rendered":"https:\/\/albulevente.ro\/?p=1644"},"modified":"2024-07-31T23:15:01","modified_gmt":"2024-07-31T21:15:01","slug":"a-no-sugar-egyuttes-emlekeztetoj-az-elet-legfontosabb-kerdeseire","status":"publish","type":"post","link":"https:\/\/albulevente.ro\/index.php\/2024\/07\/27\/a-no-sugar-egyuttes-emlekeztetoj-az-elet-legfontosabb-kerdeseire\/","title":{"rendered":"K\u00f6sz\u00f6nj\u00fck a No Sugar egy\u00fcttesnek az eml\u00e9keztet\u0151t az \u00e9let legfontosabb k\u00e9rd\u00e9seire!"},"content":{"rendered":"\n<p><em>\u201eHonnan j\u00f6v\u00fcnk, hov\u00e1 megy\u00fcnk?<img decoding=\"async\" loading=\"lazy\" class=\"size-medium wp-image-1645 alignright\" src=\"http:\/\/albulevente.ro\/wp-content\/uploads\/2024\/07\/egyuttes-300x207.jpg\" alt=\"\" width=\"300\" height=\"207\" \/><\/em><br \/><em>Van-e \u00e9letfeladat?<\/em><br \/><em>Kik vagyunk \u00e9s kik lesz\u00fcnk?<\/em><br \/><em>Ut\u00e1nunk mi marad?\u201d<\/em><br \/>(No Sugar, <em>Amit a sz\u00edv<\/em>)<\/p>\n<p>Mintha ezek nemcsak a dal, hanem az \u00e9let refr\u00e9nszer\u0171en visszat\u00e9r\u0151 k\u00e9rd\u00e9sei lenn\u00e9nek. Az ember nem tudja f\u00e9lretenni ezeket a k\u00e9rd\u00e9seket.<\/p>\n<p>Hallottunk m\u00e1r olyan v\u00e9leked\u00e9st, hogy nem \u00e9rdemes foglalkozni ezekkel a k\u00e9rd\u00e9sekkel, mert am\u00fagy sem lehet biztos v\u00e1laszokat tal\u00e1lni. Ink\u00e1bb v\u00e9gezze az ember a dolg\u00e1t, meg sz\u00f3rakozzon, mint hogy vesztegesse az idej\u00e9t az \u00e9let nem l\u00e9tez\u0151 \u00e9rtelm\u00e9nek keres\u00e9s\u00e9re. Nem kell \u00fagymond t\u00falfilozof\u00e1lni a dolgokat.<\/p>\n<p>Az el\u0151bbi gondolattal Dosztojevszkij p\u00e9ld\u00e1ul \u2013 enyh\u00e9n sz\u00f3lva \u2013 nem \u00e9rt egyet:\u00a0<em>\u201eAz emberi l\u00e9t titka nem abban rejlik, hogy \u00e9lj\u00fcnk, hanem abban, hogy mi\u00e9rt \u00e9lj\u00fcnk. Az ember, ha nincs szil\u00e1rd elk\u00e9pzel\u00e9se arr\u00f3l, hogy mi\u00e9rt \u00e9ljen, nem hajland\u00f3 \u00e9lni, \u00e9s ink\u00e1bb elpuszt\u00edtja mag\u00e1t, semhogy e f\u00f6ld\u00f6n maradjon, m\u00e9g ha csupa keny\u00e9rrel rakj\u00e1k is k\u00f6r\u00fcl.\u201d<\/em> (<em>A Karamazov testv\u00e9rek<\/em>)<\/p>\n<p>Egy\u00e9bk\u00e9nt ha az ateista tud\u00f3sok v\u00e1laszai ezekre a k\u00e9rd\u00e9sekre olyan biztosak, mi\u00e9rt teszik fel \u00fajb\u00f3l \u00e9s \u00fajb\u00f3l ezeket a k\u00e9rd\u00e9seket az emberek? Vajon nem az\u00e9rt, mert sehogy sem tudj\u00e1k elfogadni, hogy csak anyagb\u00f3l \u00e1ll az ember, \u00e9s hal\u00e1la ut\u00e1n semmiv\u00e9 lesz? Vajon t\u00e9nyleg nincs \u00e9letfeladat sem? (Mert ha nincs Isten, ki adna feladatot?)<\/p>\n<p>Mennyivel kiel\u00e9g\u00edt\u0151bb v\u00e1laszai voltak P\u00e1l apostolnak ezekre a k\u00e9rd\u00e9sekre! Hal\u00e1la el\u0151tt ezt \u00edrta: <em>\u201eAma nemes harcot megharcoltam, fut\u00e1somat elv\u00e9geztem, a hitet megtartottam, v\u00e9gezetre elt\u00e9tetett nekem az igazs\u00e1g koron\u00e1ja, amelyet megad nekem az \u00dar&#8230;\u201d<\/em> 2Tim 4,7\u20138\u00a0P\u00e1lnak volt \u00e9letfeladata, amit Krisztust\u00f3l kapott, annak bet\u00f6lt\u00e9se \u00e9rtelmet adott f\u00f6ldi \u00e9let\u00e9nek. Az a rem\u00e9nys\u00e9ge pedig, hogy Istennel lesz hal\u00e1la ut\u00e1n, v\u00e9gs\u0151 \u00e9rtelmet adott \u00e9let\u00e9nek.<\/p>\n<p><em>\u201eHonnan j\u00f6v\u00fcnk, hov\u00e1 megy\u00fcnk?<\/em><br \/><em>Van-e \u00e9letfeladat?<\/em><br \/><em>Kik vagyunk \u00e9s kik lesz\u00fcnk?<\/em><br \/><em>Ut\u00e1nunk mi marad?\u201d<\/em><br \/>(No Sugar,<em> Amit a sz\u00edv<\/em>)<\/p>\n<p>A kereszt\u00e9ny hit v\u00e1laszait az \u00e9let nagy k\u00e9rd\u00e9seire \u00edgy is \u00f6ssze lehet foglalni: <strong>Isten teremtett minket az \u0151 k\u00e9pm\u00e1s\u00e1ra, Krisztusba vetett hit\u00fcnk \u00e1ltal pedig Isten gyermekei vagyunk. A vele val\u00f3 kapcsolat \u00e9s az \u00e9letfeladat, amit r\u00e1nk b\u00edz, \u00e9rtelmet ad az \u00e9let\u00fcnknek. A vele t\u00f6lt\u00f6tt \u00f6r\u00f6kk\u00e9val\u00f3s\u00e1g pedig a v\u00e9gs\u0151 rem\u00e9nys\u00e9g\u00fcnk.<\/strong><\/p>\n<p>\u00a0<\/p>\n<div class=\"sharelinks\" style=\"\">\n\t<a title=\"K\u00f6sz\u00f6nj\u00fck a No Sugar egy\u00fcttesnek az eml\u00e9keztet\u0151t az \u00e9let legfontosabb k\u00e9rd\u00e9seire!\" rel=\"nofollow\" target=\"_blank\" href=\"http:\/\/www.facebook.com\/sharer.php?u=https:\/\/albulevente.ro\/index.php\/2024\/07\/27\/a-no-sugar-egyuttes-emlekeztetoj-az-elet-legfontosabb-kerdeseire\/\"><img width=\"56\" height=\"20\" alt=\"facebook\" src=\"https:\/\/albulevente.ro\/wp-content\/plugins\/facebook-google-twitter-share\/images\/facebook.png\"><\/a>\n\t<a title=\"K\u00f6sz\u00f6nj\u00fck a No Sugar egy\u00fcttesnek az eml\u00e9keztet\u0151t az \u00e9let legfontosabb k\u00e9rd\u00e9seire!\" rel=\"nofollow\" target=\"_blank\" href=\"https:\/\/plus.google.com\/share?url=https:\/\/albulevente.ro\/index.php\/2024\/07\/27\/a-no-sugar-egyuttes-emlekeztetoj-az-elet-legfontosabb-kerdeseire\/\"><img width=\"60\" height=\"20\" alt=\"google plus\" src=\"https:\/\/albulevente.ro\/wp-content\/plugins\/facebook-google-twitter-share\/images\/googleplus.png\"><\/a>\n\t<a title=\"K\u00f6sz\u00f6nj\u00fck a No Sugar egy\u00fcttesnek az eml\u00e9keztet\u0151t az \u00e9let legfontosabb k\u00e9rd\u00e9seire!\" Nagar\" rel=\"nofollow\" target=\"_blank\" href=\"http:\/\/twitter.com\/home?status=K\u00f6sz\u00f6nj\u00fck a No Sugar egy\u00fcttesnek az eml\u00e9keztet\u0151t az \u00e9let legfontosabb k\u00e9rd\u00e9seire! https:\/\/albulevente.ro\/index.php\/2024\/07\/27\/a-no-sugar-egyuttes-emlekeztetoj-az-elet-legfontosabb-kerdeseire\/\"><img width=\"70\" height=\"20\" alt=\"twitter\" src=\"https:\/\/albulevente.ro\/wp-content\/plugins\/facebook-google-twitter-share\/images\/twitter.png\"><\/a>\n\t<\/div>","protected":false},"excerpt":{"rendered":"<p>\u201eHonnan j\u00f6v\u00fcnk, hov\u00e1 megy\u00fcnk?Van-e \u00e9letfeladat?Kik vagyunk \u00e9s kik lesz\u00fcnk?Ut\u00e1nunk mi marad?\u201d(No Sugar, Amit a sz\u00edv) Mintha ezek nemcsak a dal, hanem az \u00e9let refr\u00e9nszer\u0171en visszat\u00e9r\u0151 k\u00e9rd\u00e9sei lenn\u00e9nek. Az ember nem tudja f\u00e9lretenni ezeket a k\u00e9rd\u00e9seket. Hallottunk m\u00e1r olyan v\u00e9leked\u00e9st, hogy nem \u00e9rdemes foglalkozni ezekkel a k\u00e9rd\u00e9sekkel, mert am\u00fagy sem lehet biztos v\u00e1laszokat tal\u00e1lni. Ink\u00e1bb v\u00e9gezze &hellip; <\/p>\n","protected":false},"author":1,"featured_media":1645,"comment_status":"open","ping_status":"open","sticky":false,"template":"","format":"standard","meta":[],"categories":[26,60,61,32,172,95,52],"tags":[2,29,182,28,183,27,5,185,6,184,181,180,186],"_links":{"self":[{"href":"https:\/\/albulevente.ro\/index.php\/wp-json\/wp\/v2\/posts\/1644"}],"collection":[{"href":"https:\/\/albulevente.ro\/index.php\/wp-json\/wp\/v2\/posts"}],"about":[{"href":"https:\/\/albulevente.ro\/index.php\/wp-json\/wp\/v2\/types\/post"}],"author":[{"embeddable":true,"href":"https:\/\/albulevente.ro\/index.php\/wp-json\/wp\/v2\/users\/1"}],"replies":[{"embeddable":true,"href":"https:\/\/albulevente.ro\/index.php\/wp-json\/wp\/v2\/comments?post=1644"}],"version-history":[{"count":6,"href":"https:\/\/albulevente.ro\/index.php\/wp-json\/wp\/v2\/posts\/1644\/revisions"}],"predecessor-version":[{"id":1652,"href":"https:\/\/albulevente.ro\/index.php\/wp-json\/wp\/v2\/posts\/1644\/revisions\/1652"}],"wp:featuredmedia":[{"embeddable":true,"href":"https:\/\/albulevente.ro\/index.php\/wp-json\/wp\/v2\/media\/1645"}],"wp:attachment":[{"href":"https:\/\/albulevente.ro\/index.php\/wp-json\/wp\/v2\/media?parent=1644"}],"wp:term":[{"taxonomy":"category","embeddable":true,"href":"https:\/\/albulevente.ro\/index.php\/wp-json\/wp\/v2\/categories?post=1644"},{"taxonomy":"post_tag","embeddable":true,"href":"https:\/\/albulevente.ro\/index.php\/wp-json\/wp\/v2\/tags?post=1644"}],"curies":[{"name":"wp","href":"https:\/\/api.w.org\/{rel}","templated":true}]}}