{"id":1539,"date":"2024-03-07T13:13:49","date_gmt":"2024-03-07T11:13:49","guid":{"rendered":"https:\/\/albulevente.ro\/?p=1539"},"modified":"2024-03-07T13:21:01","modified_gmt":"2024-03-07T11:21:01","slug":"miert-szenvedek-ha-erkolcsos-es-vallasos-vagyok","status":"publish","type":"post","link":"https:\/\/albulevente.ro\/index.php\/2024\/03\/07\/miert-szenvedek-ha-erkolcsos-es-vallasos-vagyok\/","title":{"rendered":"Mi\u00e9rt szenvedek, ha erk\u00f6lcs\u00f6s \u00e9s vall\u00e1sos vagyok?"},"content":{"rendered":"\n<p><img decoding=\"async\" loading=\"lazy\" class=\"size-medium wp-image-1561 alignright\" src=\"http:\/\/albulevente.ro\/wp-content\/uploads\/2024\/03\/Perception-of-fairness-1024x682-1-e1709751818669-300x300.webp\" alt=\"\" width=\"300\" height=\"300\" srcset=\"https:\/\/albulevente.ro\/wp-content\/uploads\/2024\/03\/Perception-of-fairness-1024x682-1-e1709751818669-300x300.webp 300w, https:\/\/albulevente.ro\/wp-content\/uploads\/2024\/03\/Perception-of-fairness-1024x682-1-e1709751818669-150x150.webp 150w, https:\/\/albulevente.ro\/wp-content\/uploads\/2024\/03\/Perception-of-fairness-1024x682-1-e1709751818669.webp 652w\" sizes=\"(max-width: 300px) 100vw, 300px\" \/>Sokan teszik fel ezt a k\u00e9rd\u00e9st, ha nem is hangosan, de a sz\u00edv\u00fckben bizony\u00e1ra:\u00a0<strong>ha \u00e9n nem csalok, nem \u00f6l\u00f6k, tisztess\u00e9gesen \u00e9lek, vall\u00e1sos is vagyok, akkor mi\u00e9rt nem \u00f3v meg Isten az ellenem elk\u00f6vetett igazs\u00e1gtalans\u00e1gokt\u00f3l?<\/strong>\u00a0<strong>Ha erk\u00f6lcs\u00f6s vagyok, mi\u00e9rt szenvedek?<\/strong>\u00a0J\u00f3 k\u00e9rd\u00e9s. Vannak emberek, akik nagy er\u0151fesz\u00edt\u00e9seket tesznek, hogy tisztess\u00e9gesen \u00e9ljenek, hogy az elv\u00e1r\u00e1soknak megfeleljenek, \u00e9s hogy betarts\u00e1k a vall\u00e1sos el\u0151\u00edr\u00e1sokat. Ez\u00e9rt ha igazs\u00e1gtalans\u00e1g \u00e9ri \u0151ket, akkor azt hatv\u00e1nyozottan annak l\u00e1tj\u00e1k \u2013 \u00fagy \u00e9rzik, hogy Isten cserben hagyta \u0151ket, holott az elv\u00e1r\u00e1sainak megfeleltek. Sokan k\u00f6z\u00fcl\u00fck meg is keserednek Istennel szemben (sz\u00edv\u00fck m\u00e9ly\u00e9n haragszanak r\u00e1).\u00a0<strong>\u00c9n egy\u00fctt tudok \u00e9rezni az ilyen emberekkel, \u00e9s \u00e9rt\u00e9kelem azt, hogy Isten akarata szerinti \u00e9letre t\u00f6rekszenek. De \u00fagy l\u00e1tom, hogy vannak v\u00e1laszok erre a k\u00e9rd\u00e9sre \u2013 b\u00e1r nem biztos, hogy k\u00f6nny\u0171 elfogadni azokat.\u00a0<\/strong>K\u00f6vetkezz\u00e9k al\u00e1bb az egyik.<\/p>\n<p>A Bibli\u00e1ban olvashat\u00f3 egy t\u00f6rt\u00e9net, miszerint egyszer egy gazdag ifj\u00fa megk\u00e9rdezi J\u00e9zust, hogy mit tegyen, hogy elnyerje az \u00f6r\u00f6k \u00e9letet (M\u00e1t\u00e9 ev. 19,16\u201326). El\u0151sz\u00f6r J\u00e9zus a parancsolatokat eml\u00edti neki, mire \u0151 azt v\u00e1laszolja, hogy azokat megtartotta. (H\u0171ha! Van ilyen?) Erre J\u00e9zus azt mondja neki, hogy egy fogyatkoz\u00e1sa van: ossza sz\u00e9t a vagyon\u00e1t a szeg\u00e9nyeknek, \u00e9s k\u00f6vesse \u0151t. Az \u00f6r\u00f6k \u00e9letet keres\u0151 ember\u00fcnk viszont nem volt k\u00e9sz erre, \u00e9s szomor\u00faan t\u00e1vozott.<\/p>\n<p>Hogy is van ez? Mi\u00e9rt k\u00e9ri J\u00e9zus, hogy ez az ifj\u00fa mondjon le vagyon\u00e1r\u00f3l, hiszen nem minden gazdagt\u00f3l (vagy kev\u00e9sb\u00e9 gazdagt\u00f3l) k\u00e9rte ezt? Egy lelkip\u00e1sztor egyszer azt mondta, hogy pontosan az\u00e9rt, mert tudta, hogy ez a fiatalember ezt nem akarta megtenni. Nagy igazs\u00e1g van ebben. J\u00e9zus teh\u00e1t egy teszt el\u00e9 \u00e1ll\u00edtotta ezt a j\u00f3m\u00f3d\u00fa \u00e9s tisztess\u00e9ges polg\u00e1rt: vajon fontosabb sz\u00e1m\u00e1ra Krisztus k\u00f6vet\u00e9se, mint a vagyon \u00e9s ami azzal j\u00e1r? Sajnos nem volt k\u00e9sz lemondani Krisztus\u00e9rt az anyagi j\u00f3l\u00e9t\u00e9r\u0151l, h\u00edrnev\u00e9r\u0151l, k\u00e9nyelm\u00e9r\u0151l, \u00e9letst\u00edlus\u00e1r\u00f3l, st\u00e1tusz\u00e1r\u00f3l. Neki ezek fontosabbak voltak, mint Krisztus, val\u00f3j\u00e1ban teh\u00e1t Istenn\u00e9l voltak fontosabbak. Ez pedig b\u00e1lv\u00e1nyim\u00e1d\u00e1s. Ha valami vagy valaki fontosabb nekem, mint Isten, akkor azt a valamit vagy valakit b\u00e1lv\u00e1nyozom. Ilyenkor egy isten\u00edtett t\u00e1rgyr\u00f3l, helyzetr\u0151l, \u00e9lm\u00e9nyr\u0151l vagy szem\u00e9lyr\u0151l besz\u00e9l\u00fcnk, amit\u0151l vagy akit\u0151l v\u00e1rom a v\u00e9gs\u0151 boldogs\u00e1gomat (vagy legal\u00e1bbis az igazi boldogs\u00e1gomat).<\/p>\n<p>J\u00e9zus teh\u00e1t a r\u00e1 jellemz\u0151 egyszer\u0171s\u00e9ggel \u00e9s nagyszer\u0171s\u00e9ggel szembes\u00edti ezt az ifj\u00fat azzal, hogy nem tartotta meg a t\u00f6rv\u00e9nyt, m\u00e1r az els\u0151 (mondhatni a legfontosabb) parancsolat ellen is v\u00e9tkezett: \u201eNe legyen m\u00e1s istened rajtam k\u00edv\u00fcl!\u201d (2M\u00f3z 20,3).\u00a0<strong>Magyar\u00e1n b\u00e1lv\u00e1nyokat im\u00e1d. Mik\u00f6zben szeretne \u00f6r\u00f6k \u00e9letet, igaz\u00e1b\u00f3l \u0151 nem akar Istennel val\u00f3di kapcsolatba ker\u00fclni Krisztus k\u00f6vet\u00e9se \u00e1ltal.<\/strong>\u00a0Sz\u00e1m\u00e1ra a vagyon \u00e9s ami azzal j\u00e1r, az a leg\u00e9rt\u00e9kesebb. Hasonl\u00f3 ez a helyzet ahhoz, amelyben valaki meg akar h\u00e1zasodni bizonyos el\u0151ny\u00f6k\u00e9rt egy szem\u00e9llyel, de val\u00f3j\u00e1ban egy m\u00e1sikat szeret. A b\u00e1lv\u00e1nyim\u00e1d\u00f3 ember sem val\u00f3j\u00e1ban Istenhez ragaszkodik, \u201eegy m\u00e1sikat\u201d szeret.<\/p>\n<p><strong>Visszat\u00e9rve a kiindul\u00f3 k\u00e9rd\u00e9s\u00fcnkh\u00f6z<\/strong>\u00a0\u2013 aki \u00edgy k\u00e9rdez, \u0151 is erk\u00f6lcs\u00f6snek \u00e9s kell\u0151en vall\u00e1sosnak tartja mag\u00e1t, mint a fent eml\u00edtett bibliai t\u00f6rt\u00e9net f\u0151h\u0151se. A gazdag ifj\u00fa t\u00f6rt\u00e9net\u00e9b\u0151l megtudunk k\u00e9t dolgot: 1. az erk\u00f6lcs\u00f6s ember \u00e9let\u00e9ben is lehetnek b\u00e1lv\u00e1nyok, 2. Isten akar szembes\u00edteni a b\u00e1lv\u00e1nyainkkal.\u00a0<strong>No de akkor mi\u00e9rt is szenved az erk\u00f6lcs\u00f6s ember?<\/strong>\u00a0Az \u00d3sz\u00f6vets\u00e9gb\u0151l megtudjuk, hogy Isten \u00fagy szembes\u00edt\u00e9st sokszor, hogy megenged szenved\u00e9seket. Sok \u00f3sz\u00f6vets\u00e9gi pr\u00f3f\u00e9ta sz\u00e1mtalanszor tan\u00edtotta azt, hogy Isten az\u00e9rt enged meg csap\u00e1sokat \u00e9s veres\u00e9geket Izr\u00e1el n\u00e9p\u00e9nek \u00e9let\u00e9ben, mert pr\u00f3b\u00e1lta fel\u00e9breszteni \u0151ket a b\u00e1lv\u00e1nyim\u00e1d\u00e1sb\u00f3l, \u00e9s visszat\u00e9r\u00edteni mag\u00e1hoz. Csak egy p\u00e9lda:\u00a0<em>\u201eSzolga-e Izr\u00e1el, rabszolg\u00e1nak sz\u00fcletett?\u00a0Mi\u00e9rt lett m\u00e1sok zs\u00e1km\u00e1ny\u00e1v\u00e1?\u00a0Oroszl\u00e1nk\u00f6lyk\u00f6k ord\u00edtanak r\u00e1, kieresztik hangjukat. Orsz\u00e1g\u00e1t sivatagg\u00e1 tett\u00e9k, v\u00e1rosai le\u00e9gtek, lakatlanok\u2026 Te magad okoztad ezt magadnak,\u00a0mert elhagytad Istenedet,\u00a0az URat, amikor a helyes \u00faton akart vezetni.\u201d<\/em>\u00a0(Jeremi\u00e1s 2,14\u201317).<\/p>\n<p>Az eddigiekb\u0151l ad\u00f3dik egy \u2013 b\u00e1r nem minden helyzetre \u00e9rv\u00e9nyes \u2013 v\u00e1lasz erre a k\u00e9rd\u00e9sre.\u00a0<strong>Isten megengedhet szenved\u00e9st az erk\u00f6lcs\u00f6s ember \u00e9let\u00e9ben, hogy szembes\u00edtse a b\u00e1lv\u00e1nyim\u00e1d\u00e1s\u00e1val \u00e9s annak k\u00f6vetkezm\u00e9nyeivel, valamint hogy mag\u00e1hoz h\u00edvja \u0151t.<\/strong>\u00a0Lehet\u00fcnk nagyon tisztess\u00e9ges, igaz\u00e1n vall\u00e1sos, j\u00f3 cselekedeteik\u00e9rt elismert, erk\u00f6lcs\u00f6s emberek, de k\u00f6zben b\u00e1lv\u00e1nyim\u00e1d\u00f3k. Isten pedig miut\u00e1n halkan sz\u00f3l az Ige \u00e1ltal, hangosabban is sz\u00f3l kisebb-nagyobb igazs\u00e1gtalans\u00e1gok, szenved\u00e9sek \u00e1ltal, amiket megenged az \u00e9let\u00fcnkben. Szeretn\u00e9 meg\u00e9rtetni vel\u00fcnk, hogy bizonyos dolgok \u00e9s szem\u00e9lyek t\u00falzottan fontosak nek\u00fcnk, teh\u00e1t b\u00e1lv\u00e1nyok, viszont ezek nem hoznak v\u00e9gs\u0151 boldogs\u00e1got \u00e9s biztons\u00e1got. Mint ahogy egy orvos is engedi a beteg \u00e1llapot\u00e1nak roml\u00e1s\u00e1t (ak\u00e1r v\u00e9g\u00fcl hal\u00e1l\u00e1t!), ha a beteg nem fogadja \u0151t \u00e9s a megfelel\u0151 kezel\u00e9st, hasonl\u00f3an Isten is enged f\u00e1jdalmakat (ak\u00e1r v\u00e9g\u00fcl az \u00f6r\u00f6k elszakad\u00e1st t\u0151le!), ha nem fogadjuk be \u0151t az \u00e9let\u00fcnkbe. Ugyanakkor minden ilyen helyzet \u00e1ltal Isten h\u00edv is mag\u00e1hoz, lehet\u0151s\u00e9gek ezek a helyzetek, hogy \u0151t keress\u00fck \u00e9s v\u00e1lasszuk. (Arr\u00f3l, hogy konkr\u00e9tan hogyan lehet befogadni Krisztust \u00e9let\u00fcnkbe, p\u00e9ld\u00e1ul itt olvashatsz: https:\/\/www.everystudent.hu\/a\/Istenmegismerese.html)<\/p>\n<p><em>Ez a v\u00e1lasz persze nem fedi le teljesen a szenved\u00e9s k\u00e9rd\u00e9s\u00e9t, ugyanakkor nem is akarja azt az \u00e9rz\u00e9st kelteni, hogy azok, akik befogadt\u00e1k Krisztust az \u00e9let\u00fckbe, azok nem szenvedn\u00e9nek. A k\u00e9rd\u00e9s nagyon komplex, helyzett\u0151l \u00e9s szem\u00e9lyt\u0151l f\u00fcgg\u0151en. De meggy\u0151z\u0151d\u00e9sem az, hogy az itt le\u00edrt v\u00e1lasz sokak eset\u00e9ben \u00e9rv\u00e9nyes. Im\u00e1dkozom, hogy ilyenek is olvass\u00e1k el ezt a cikket.<\/em><\/p>\n<p><span style=\"background-color: #e6ebe6;\">V\u00e9g\u00fcl egy k\u00e9rd\u00e9s:\u00a0<strong>Hogy lehet eld\u00f6nteni valamir\u0151l vagy valakir\u0151l, hogy sz\u00edv\u00fcnknek b\u00e1lv\u00e1nya vagy nem?<\/strong>\u00a0Ha valami vagy valaki b\u00e1lv\u00e1ny sz\u00e1munkra, akkor a k\u00f6vetkez\u0151 dolgok egyike vagy t\u00f6bb k\u00f6z\u00fcl\u00fck igaz lehet r\u00e1nk (mint ahogy igaz volt az \u00f6r\u00f6k \u00e9letet keres\u0151 gazdag emberre):<\/span><\/p>\n<ul>\n<li><span style=\"background-color: #e6ebe6;\">Azt mondom, vagy \u00fagy gondolom, hogy az a valami vagy valaki ad \u00e9rtelmet az \u00e9letemnek (vagy adna \u00e9rtelmet, ha m\u00e9g nincs meg).<\/span><\/li>\n<li><span style=\"background-color: #e6ebe6;\">Csak az\u00e9rt a dolog\u00e9rt vagy szem\u00e9ly\u00e9rt \u00e9lek-halok.<\/span><\/li>\n<li><span style=\"background-color: #e6ebe6;\">Att\u00f3l a dologt\u00f3l vagy szem\u00e9lyt\u0151l v\u00e1rom v\u00e9gs\u0151 boldogs\u00e1gomat.<\/span><\/li>\n<li><span style=\"background-color: #e6ebe6;\">Az a gondolat, hogy elvesz\u00edthetem, b\u00e9n\u00edt\u00f3an r\u00e9miszt\u0151.<\/span><\/li>\n<li><span style=\"background-color: #e6ebe6;\">Ha elvesztettem, akkor mintha \u00f6sszed\u0151lt volna a vil\u00e1g, nincs mi\u00e9rt \u00e9lnem.<\/span><\/li>\n<li><span style=\"background-color: #e6ebe6;\">Az a dolog vagy szem\u00e9ly adja identit\u00e1som l\u00e9nyeg\u00e9t (nincs baj azzal, ha magyar, m\u00e9rn\u00f6k, anya \u00e9s\/vagy metodista vagyok, csak ha ezekb\u0151l mer\u00edtem legfontosabb identit\u00e1somat \u00e9s nem abb\u00f3l, hogy Krisztushoz tartozom).<\/span><\/li>\n<\/ul>\n<div class=\"sharelinks\" style=\"\">\n\t<a title=\"Mi\u00e9rt szenvedek, ha erk\u00f6lcs\u00f6s \u00e9s vall\u00e1sos vagyok?\" rel=\"nofollow\" target=\"_blank\" href=\"http:\/\/www.facebook.com\/sharer.php?u=https:\/\/albulevente.ro\/index.php\/2024\/03\/07\/miert-szenvedek-ha-erkolcsos-es-vallasos-vagyok\/\"><img width=\"56\" height=\"20\" alt=\"facebook\" src=\"https:\/\/albulevente.ro\/wp-content\/plugins\/facebook-google-twitter-share\/images\/facebook.png\"><\/a>\n\t<a title=\"Mi\u00e9rt szenvedek, ha erk\u00f6lcs\u00f6s \u00e9s vall\u00e1sos vagyok?\" rel=\"nofollow\" target=\"_blank\" href=\"https:\/\/plus.google.com\/share?url=https:\/\/albulevente.ro\/index.php\/2024\/03\/07\/miert-szenvedek-ha-erkolcsos-es-vallasos-vagyok\/\"><img width=\"60\" height=\"20\" alt=\"google plus\" src=\"https:\/\/albulevente.ro\/wp-content\/plugins\/facebook-google-twitter-share\/images\/googleplus.png\"><\/a>\n\t<a title=\"Mi\u00e9rt szenvedek, ha erk\u00f6lcs\u00f6s \u00e9s vall\u00e1sos vagyok?\" Nagar\" rel=\"nofollow\" target=\"_blank\" href=\"http:\/\/twitter.com\/home?status=Mi\u00e9rt szenvedek, ha erk\u00f6lcs\u00f6s \u00e9s vall\u00e1sos vagyok? https:\/\/albulevente.ro\/index.php\/2024\/03\/07\/miert-szenvedek-ha-erkolcsos-es-vallasos-vagyok\/\"><img width=\"70\" height=\"20\" alt=\"twitter\" src=\"https:\/\/albulevente.ro\/wp-content\/plugins\/facebook-google-twitter-share\/images\/twitter.png\"><\/a>\n\t<\/div>","protected":false},"excerpt":{"rendered":"<p>Sokan teszik fel ezt a k\u00e9rd\u00e9st, ha nem is hangosan, de a sz\u00edv\u00fckben bizony\u00e1ra:\u00a0ha \u00e9n nem csalok, nem \u00f6l\u00f6k, tisztess\u00e9gesen \u00e9lek, vall\u00e1sos is vagyok, akkor mi\u00e9rt nem \u00f3v meg Isten az ellenem elk\u00f6vetett igazs\u00e1gtalans\u00e1gokt\u00f3l?\u00a0Ha erk\u00f6lcs\u00f6s vagyok, mi\u00e9rt szenvedek?\u00a0J\u00f3 k\u00e9rd\u00e9s. Vannak emberek, akik nagy er\u0151fesz\u00edt\u00e9seket tesznek, hogy tisztess\u00e9gesen \u00e9ljenek, hogy az elv\u00e1r\u00e1soknak megfeleljenek, \u00e9s hogy betarts\u00e1k &hellip; <\/p>\n","protected":false},"author":1,"featured_media":1561,"comment_status":"open","ping_status":"open","sticky":false,"template":"","format":"standard","meta":[],"categories":[61,154,25],"tags":[152,153,2,150,151,64,149,148,5,21],"_links":{"self":[{"href":"https:\/\/albulevente.ro\/index.php\/wp-json\/wp\/v2\/posts\/1539"}],"collection":[{"href":"https:\/\/albulevente.ro\/index.php\/wp-json\/wp\/v2\/posts"}],"about":[{"href":"https:\/\/albulevente.ro\/index.php\/wp-json\/wp\/v2\/types\/post"}],"author":[{"embeddable":true,"href":"https:\/\/albulevente.ro\/index.php\/wp-json\/wp\/v2\/users\/1"}],"replies":[{"embeddable":true,"href":"https:\/\/albulevente.ro\/index.php\/wp-json\/wp\/v2\/comments?post=1539"}],"version-history":[{"count":28,"href":"https:\/\/albulevente.ro\/index.php\/wp-json\/wp\/v2\/posts\/1539\/revisions"}],"predecessor-version":[{"id":1571,"href":"https:\/\/albulevente.ro\/index.php\/wp-json\/wp\/v2\/posts\/1539\/revisions\/1571"}],"wp:featuredmedia":[{"embeddable":true,"href":"https:\/\/albulevente.ro\/index.php\/wp-json\/wp\/v2\/media\/1561"}],"wp:attachment":[{"href":"https:\/\/albulevente.ro\/index.php\/wp-json\/wp\/v2\/media?parent=1539"}],"wp:term":[{"taxonomy":"category","embeddable":true,"href":"https:\/\/albulevente.ro\/index.php\/wp-json\/wp\/v2\/categories?post=1539"},{"taxonomy":"post_tag","embeddable":true,"href":"https:\/\/albulevente.ro\/index.php\/wp-json\/wp\/v2\/tags?post=1539"}],"curies":[{"name":"wp","href":"https:\/\/api.w.org\/{rel}","templated":true}]}}