{"id":1436,"date":"2023-10-27T21:31:00","date_gmt":"2023-10-27T19:31:00","guid":{"rendered":"https:\/\/albulevente.ro\/?p=1436"},"modified":"2024-01-17T23:51:50","modified_gmt":"2024-01-17T21:51:50","slug":"holt-koltok-tarsasaga-es-az-igazi-elet-titka-kiegeszitve","status":"publish","type":"post","link":"https:\/\/albulevente.ro\/index.php\/2023\/10\/27\/holt-koltok-tarsasaga-es-az-igazi-elet-titka-kiegeszitve\/","title":{"rendered":"Holt k\u00f6lt\u0151k t\u00e1rsas\u00e1ga \u00e9s az igazi \u00e9let titka &#8211; kieg\u00e9sz\u00edtve"},"content":{"rendered":"\n<p>\u00a0<img decoding=\"async\" loading=\"lazy\" class=\"size-medium wp-image-1438 alignright\" src=\"http:\/\/albulevente.ro\/wp-content\/uploads\/2024\/01\/Holt-koltok-tarsasaga-e1705524032551-300x203.jpg\" alt=\"\" width=\"300\" height=\"203\" \/>A film szerint az igazi \u00e9let titka:<\/p>\n<ul>\n<li>Carpe diem! (Ragadd meg a napot!)<\/li>\n<li>J\u00e1rd a saj\u00e1t utadat!<\/li>\n<li>\u00c9lj szenved\u00e9lyesen!<\/li>\n<\/ul>\n<p>Hogyan seg\u00edt a kereszt\u00e9ny hit, hogy j\u00f3l gyakoroljuk ezeket? (Mert a film szerint is lehet rosszul gyakorolni.)<\/p>\n<p><strong>Carpe diem! B\u00e1tran haszn\u00e1ld ki az alkalmakat!<\/strong> J\u00f3 gondolat, hogy ragadjuk meg az \u00e9let, s\u0151t, Isten \u00e1ltal adott alkalmakat a j\u00f3 cselekv\u00e9s\u00e9re, a kalandra, a tiszta \u00f6r\u00f6m\u00f6kre, az igazs\u00e1g megismer\u00e9sre, a c\u00e9lok el\u00e9r\u00e9s\u00e9re. De kell\u0151 b\u00f6lcsess\u00e9g n\u00e9lk\u00fcl k\u00f6nnyen \u00e9nk\u00f6zpont\u00fa \u00e9s rombol\u00f3-l\u00e1zad\u00f3 \u00e9lethez vezet. <em>\u201eVan, amikor b\u00e1tornak kell lenni, van, amikor \u00f3vatosnak, \u00e9s a b\u00f6lcs ember tudja, hogy mikor mit kell tennie.\u201d<\/em> \u2013 mondja Keating tan\u00e1r \u00far a filmben. Fontos, hogy meg tudjuk k\u00fcl\u00f6nb\u00f6ztetni azokat az alkalmakat, amelyek \u00f6nz\u00e9s\u00fcnket er\u0151s\u00edten\u00e9k \u00e9s amelyek nem. Fontos, hogy \u00e9p\u00edt\u0151 \u00e9s ne rombol\u00f3 m\u00f3don haszn\u00e1ljuk ki az alkalmakat. De honnan minderre a b\u00f6lcsess\u00e9g?<\/p>\n<p><em>\u201eA b\u00f6lcsess\u00e9g kezdete az \u00daR f\u00e9lelme. A j\u00f3zan esz\u0171ek mind eszerint \u00e9lnek.\u201d<\/em> Zsolt\u00e1rok 111,10<\/p>\n<p><strong>J\u00e1rd a saj\u00e1t utadat! Merj kil\u00f3gni a sorb\u00f3l! Tedd, amit szeretsz!<\/strong> J\u00f3 gondolat, kev\u00e9s dolog ad olyan nagy \u00f6r\u00f6met az \u00e9letben, mint az, hogy megtal\u00e1ltad saj\u00e1t utadat, hogy azt v\u00e9gzed, amit szeretsz. De amellett, hogy ez nem is olyan egyszer\u0171, \u00e9s isteni seg\u00edts\u00e9g n\u00e9lk\u00fcl nem biztos lehets\u00e9ges, nem el\u00e9g ahhoz, hogy igaz\u00e1n kibontakozzon a szem\u00e9lyis\u00e9ged. J\u00e9zus viszont garant\u00e1lja ezt:<\/p>\n<p><em>\u201eAki megtal\u00e1lja \u00e9let\u00e9t, az elveszti azt, aki pedig elveszti \u00e9let\u00e9t \u00e9n\u00e9rtem, az megtal\u00e1lja azt.\u201d <\/em>Luk\u00e1cs ev. 9,24<\/p>\n<p><strong>\u00c9lj szenved\u00e9lyesen! Fejezd ki az \u00e9rzelmeidet, szenved\u00e9llyel \u00e9ld meg az \u00e9let \u00f6r\u00f6meit!<\/strong> J\u00f3 gondolat, nem csak test\u00fcnk \u00e9s nem csak \u201efej\u00fcnk\u201d van, vannak \u00e9rzelmeink is, \u00e9s akkor lesz teljes \u00e9let\u00fcnk, ha ez ut\u00f3bbiakat is j\u00f3l meg\u00e9lj\u00fck, kifejezz\u00fck. De a szenved\u00e9lyek sok b\u0171nt \u00e9s gonoszt is sz\u00fclhetnek, s\u0151t, sz\u00fclnek is, \u00e9s ahelyett, hogy szabad lenne az emberek nagy h\u00e1nyada, a b\u0171n foglyaik\u00e9nt \u00e9lnek, ami viszont sok rossz \u00e9rzelmet, szenved\u00e9lyt \u00e9s f\u00e1jdalmat okoz. J\u00e9zus viszont val\u00f3di szabads\u00e1got \u00edg\u00e9r, amiben az igazs\u00e1g szerinti szenved\u00e9lyeket lehet meg\u00e9lni.<\/p>\n<p><em> \u201eHa ti megtartj\u00e1tok az \u00e9n ig\u00e9met, val\u00f3ban tan\u00edtv\u00e1nyaim vagytok; megismeritek az igazs\u00e1got, \u00e9s az igazs\u00e1g megszabad\u00edt titeket\u201d<\/em> J\u00e1nos ev. 8,31<\/p>\n<div class=\"sharelinks\" style=\"\">\n\t<a title=\"Holt k\u00f6lt\u0151k t\u00e1rsas\u00e1ga \u00e9s az igazi \u00e9let titka &#8211; kieg\u00e9sz\u00edtve\" rel=\"nofollow\" target=\"_blank\" href=\"http:\/\/www.facebook.com\/sharer.php?u=https:\/\/albulevente.ro\/index.php\/2023\/10\/27\/holt-koltok-tarsasaga-es-az-igazi-elet-titka-kiegeszitve\/\"><img width=\"56\" height=\"20\" alt=\"facebook\" src=\"https:\/\/albulevente.ro\/wp-content\/plugins\/facebook-google-twitter-share\/images\/facebook.png\"><\/a>\n\t<a title=\"Holt k\u00f6lt\u0151k t\u00e1rsas\u00e1ga \u00e9s az igazi \u00e9let titka &#8211; kieg\u00e9sz\u00edtve\" rel=\"nofollow\" target=\"_blank\" href=\"https:\/\/plus.google.com\/share?url=https:\/\/albulevente.ro\/index.php\/2023\/10\/27\/holt-koltok-tarsasaga-es-az-igazi-elet-titka-kiegeszitve\/\"><img width=\"60\" height=\"20\" alt=\"google plus\" src=\"https:\/\/albulevente.ro\/wp-content\/plugins\/facebook-google-twitter-share\/images\/googleplus.png\"><\/a>\n\t<a title=\"Holt k\u00f6lt\u0151k t\u00e1rsas\u00e1ga \u00e9s az igazi \u00e9let titka &#8211; kieg\u00e9sz\u00edtve\" Nagar\" rel=\"nofollow\" target=\"_blank\" href=\"http:\/\/twitter.com\/home?status=Holt k\u00f6lt\u0151k t\u00e1rsas\u00e1ga \u00e9s az igazi \u00e9let titka &#8211; kieg\u00e9sz\u00edtve https:\/\/albulevente.ro\/index.php\/2023\/10\/27\/holt-koltok-tarsasaga-es-az-igazi-elet-titka-kiegeszitve\/\"><img width=\"70\" height=\"20\" alt=\"twitter\" src=\"https:\/\/albulevente.ro\/wp-content\/plugins\/facebook-google-twitter-share\/images\/twitter.png\"><\/a>\n\t<\/div>","protected":false},"excerpt":{"rendered":"<p>\u00a0A film szerint az igazi \u00e9let titka: Carpe diem! (Ragadd meg a napot!) J\u00e1rd a saj\u00e1t utadat! \u00c9lj szenved\u00e9lyesen! Hogyan seg\u00edt a kereszt\u00e9ny hit, hogy j\u00f3l gyakoroljuk ezeket? (Mert a film szerint is lehet rosszul gyakorolni.) Carpe diem! B\u00e1tran haszn\u00e1ld ki az alkalmakat! J\u00f3 gondolat, hogy ragadjuk meg az \u00e9let, s\u0151t, Isten \u00e1ltal adott alkalmakat &hellip; <\/p>\n","protected":false},"author":1,"featured_media":1438,"comment_status":"open","ping_status":"open","sticky":false,"template":"","format":"standard","meta":[],"categories":[26,60,72,24,52],"tags":[128,113,124,2,127,6,126,129,125],"_links":{"self":[{"href":"https:\/\/albulevente.ro\/index.php\/wp-json\/wp\/v2\/posts\/1436"}],"collection":[{"href":"https:\/\/albulevente.ro\/index.php\/wp-json\/wp\/v2\/posts"}],"about":[{"href":"https:\/\/albulevente.ro\/index.php\/wp-json\/wp\/v2\/types\/post"}],"author":[{"embeddable":true,"href":"https:\/\/albulevente.ro\/index.php\/wp-json\/wp\/v2\/users\/1"}],"replies":[{"embeddable":true,"href":"https:\/\/albulevente.ro\/index.php\/wp-json\/wp\/v2\/comments?post=1436"}],"version-history":[{"count":1,"href":"https:\/\/albulevente.ro\/index.php\/wp-json\/wp\/v2\/posts\/1436\/revisions"}],"predecessor-version":[{"id":1439,"href":"https:\/\/albulevente.ro\/index.php\/wp-json\/wp\/v2\/posts\/1436\/revisions\/1439"}],"wp:featuredmedia":[{"embeddable":true,"href":"https:\/\/albulevente.ro\/index.php\/wp-json\/wp\/v2\/media\/1438"}],"wp:attachment":[{"href":"https:\/\/albulevente.ro\/index.php\/wp-json\/wp\/v2\/media?parent=1436"}],"wp:term":[{"taxonomy":"category","embeddable":true,"href":"https:\/\/albulevente.ro\/index.php\/wp-json\/wp\/v2\/categories?post=1436"},{"taxonomy":"post_tag","embeddable":true,"href":"https:\/\/albulevente.ro\/index.php\/wp-json\/wp\/v2\/tags?post=1436"}],"curies":[{"name":"wp","href":"https:\/\/api.w.org\/{rel}","templated":true}]}}