{"id":1292,"date":"2017-12-23T22:08:11","date_gmt":"2017-12-23T20:08:11","guid":{"rendered":"http:\/\/albulevente.ro\/?p=1292"},"modified":"2017-12-23T22:25:42","modified_gmt":"2017-12-23T20:25:42","slug":"szuztol-valo-szuletes-bizhatunk-istenben","status":"publish","type":"post","link":"https:\/\/albulevente.ro\/index.php\/2017\/12\/23\/szuztol-valo-szuletes-bizhatunk-istenben\/","title":{"rendered":"Sz\u0171zt\u0151l val\u00f3 sz\u00fclet\u00e9s: b\u00edzhatunk Istenben!"},"content":{"rendered":"<p><img decoding=\"async\" loading=\"lazy\" class=\" wp-image-1286 alignright\" src=\"http:\/\/albulevente.ro\/wp-content\/uploads\/2017\/12\/J\u00e9zus-sz\u00fclet\u00e9se-300x169.jpg\" alt=\"\" width=\"321\" height=\"181\" \/>&#8222;\u00c9n hiszek Istenben, de nem tudom elfogadni a sz\u0171zt\u0151l val\u00f3 sz\u00fclet\u00e9s t\u00f6rt\u00e9net\u00e9t. H\u00e1t ki hallott ilyet?! Hogy egy gyerek megsz\u00fclessen, oda egy f\u00e9rfira \u00e9s n\u0151re van sz\u00fcks\u00e9g.&#8221; Sokszor hallunk ilyen szavakat olyanokt\u00f3l is, akik Istenben h\u00edv\u0151 embereknek vallj\u00e1k magukat, mik\u00f6zben \u00e1t sem villan a fej\u00fck\u00f6n, hogy \u00e9rtelmetlen ilyesmit mondani.<\/p>\n<p>Mikor Istenr\u0151l besz\u00e9lnek ezek az emberek, akik azt mondj\u00e1k hisznek benne, h\u00e1t nem azt \u00e9rtik alatta, aki vagy ami l\u00e9trehozta a vil\u00e1gmindens\u00e9get, a csillagrendszereket, a napot, a f\u00f6ldet \u00e9s mindent ami azon van, az embert is? Ak\u00e1r evol\u00faci\u00f3 \u00e1ltal, ak\u00e1r nem az\u00e1ltal teremtette Isten a vi\u00e1got, ha hisz\u00fcnk benne, akkor a Teremt\u0151k\u00e9nt kell felfognunk \u0151t, mert m\u00e1sk\u00fcl\u00f6nben ki vagy mi az az isten, aki nem teremt\u0151? \u0150 is csak egy ember, vagy egy szikla, vagy egy hatalmas energia, vagy egy fogalom? Akkor mi\u00e9rt nevezn\u00e9nk Istennek, az el\u0151bbi szavak jobban illenek r\u00e1.<\/p>\n<p>Ha viszont a Teremt\u0151t \u00e9rtj\u00fck az Isten megnevez\u00e9s alatt, akkor elmondhatjuk el\u00e9g hat\u00e1rozottan, hogy egy n\u0151i petesejt megterm\u00e9keny\u00edt\u00e9se f\u00e9rfi ivarsejt n\u00e9lk\u00fcl enyh\u00e9n sz\u00f3lva sokkal kisebb csoda mint a vil\u00e1gmindens\u00e9g megalkot\u00e1sa. Ha valaki azt mondja, hogy hisz Istenben, de nem tud hinni a sz\u0171zt\u0151l val\u00f3 sz\u00fclet\u00e9s t\u00f6rt\u00e9net\u00e9ben, akkor \u00f6nmag\u00e1val ker\u00fcl ellentmond\u00e1sba, mert azt mondja, hogy hisz Istenben, aki k\u00e9pes megtenni egy olyan hatalmas csod\u00e1t mint a vil\u00e1g teremt\u00e9se, de arra m\u00e1r nem l\u00e1tja k\u00e9pesnek Istent, hogy egy enn\u00e9l sokkal kisebb csod\u00e1t tegyen. Ez ellentmond\u00e1s.<\/p>\n<p>M\u00e1ria is hitt Istenben, de mikor az angyal azt mondta neki, hogy fi\u00fat fog sz\u00fclni, azt k\u00e9rdezte,\u00a0<em>&#8222;Hogyan lehets\u00e9ges ez, mivel \u00e9n f\u00e9rfit nem ismerek?&#8221;<\/em>\u00a0(Lk. 1:34) Erre az angyal azt v\u00e1laszolta, hogy\u00a0<em>&#8222;A Szentl\u00e9lek sz\u00e1ll re\u00e1d, \u00e9s a Magass\u00e1gos ereje \u00e1rny\u00e9koz be t\u00e9ged&#8230; mert Istennek semmi sem lehetetlen.&#8221;<\/em>\u00a0(Lk. 1:35-37) Ennek a v\u00e1lasznak a hallat\u00e1n, M\u00e1ria elhitte, hogy Isten meg tudja \u00e9s meg is teszi vele ezt a csod\u00e1t. Nem volt gond, hogy feltette azt a k\u00e9rd\u00e9st, az egy norm\u00e1lis, emberi reakci\u00f3 volt, hiszen t\u00e9nyleg ilyesmi nem t\u00f6rt\u00e9nik meg term\u00e9szetes m\u00f3don. De elhitte, hogy term\u00e9szetfeletti m\u00f3don megt\u00f6rt\u00e9nhet, Istennek ez sem lehetetlen. Ha nem hitte volna el, \u0151 is addigi hit\u00e9vel ker\u00fclt volna ellentmond\u00e1sba, de elhitte, mert az angyal szavai, hogy ti. Istennek semmi sem lehetetlen, eml\u00e9keztett\u00e9k arra, amit am\u00fagy is hitt Istenr\u0151l.<\/p>\n<p>M\u00e1ria sz\u00e1m\u00edthatott arra, hogy\u00a0ha nem is k\u00f6vezik meg, a t\u00e1rsadalomb\u00f3l kirekeszthetik, nem besz\u00e9lve arr\u00f3l, hogy J\u00f3zsef nem veszi el feles\u00e9g\u00fcl. M\u00e9gis v\u00e1llalta a sz\u00e9gyent \u00e9s a vesz\u00e9lyt, ami J\u00e9zus megsz\u00fcl\u00e9s\u00e9vel j\u00e1rt, mert b\u00edzott Istenben &#8212; aki egy ilyen csod\u00e1ra k\u00e9pes, az arra is k\u00e9pes, hogy meg\u00f3vja \u0151t mindenfajta vesz\u00e9lyt\u0151l, h\u00e1tr\u00e1nyt\u00f3l. Meg is \u00f3vta Isten, J\u00f3zsef elvette feles\u00e9g\u00fcl, nem lett kirekesztve sem a t\u00e1rsadalomb\u00f3l, \u00e9s r\u00e1ad\u00e1sul (vagy ink\u00e1bb els\u0151sorban) a testet\u00f6lt\u00f6tt Istennek lett f\u00f6ldi anyja.<\/p>\n<p>Nekem is \u00fczeni ezt a kar\u00e1csonyi t\u00f6rt\u00e9net: ha Isten k\u00e9pes volt ilyen csod\u00e1ra, akkor \u0151 meg tud seg\u00edteni engem is mindenben, \u00e9s meg tud \u00f3vni mindenfajta vesz\u00e9lyt\u0151l. Nem kell f\u00e9ljek, b\u00edzhatok Istenben, \u00e9s hozhatok j\u00f3 d\u00f6nt\u00e9seket. Neked is ezt \u00fczenheti ha k\u00e9sz vagy elhinni, hogy J\u00e9zus Krisztus, Isten Fia t\u00f6bb mint 2000 \u00e9vvel ezel\u0151tt k\u00f6z\u00e9nk j\u00f6tt egy sz\u0171z \u00e1ltal.<\/p>\n<p>Olyan sok dologt\u00f3l f\u00e9l\u00fcnk mi emberek, fiatalok \u00e9s id\u0151sek egyar\u00e1nt. F\u00e9l\u00fcnk att\u00f3l, hogy nem kapunk munk\u00e1t, vagy att\u00f3l, hogy elvesz\u00edtj\u00fck a jelenlegi munkahelyet, f\u00e9l\u00fcnk, hogy nem siker\u00fcl v\u00e9gigvinni egy tervet, amit elkezdt\u00fcnk, f\u00e9l\u00fcnk, hogy elv\u00e1lnak sz\u00fcleink, hogy valami baleset \u00e9r minket, hogy elvesz\u00edt\u00fcnk egy j\u00f3 \u00fczleti lehet\u0151s\u00e9get, hogy elhagy a kedves\u00fcnk, hogy nem tal\u00e1lunk j\u00f3 h\u00e1zast\u00e1rsat, f\u00e9l\u00fcnk a k\u00f6vetkez\u0151 gazdas\u00e1gi v\u00e1ls\u00e1gt\u00f3l, vagy politikai helyzett\u0151l, vagy valami betegs\u00e9gt\u0151l stb. Ezek a f\u00e9lelmek pedig arra vezetnek sokszor, hogy v\u00e9tkezz\u00fcnk, \u00e9s olyan d\u00f6nt\u00e9seket hozzunk, amelyeknek a k\u00f6vetkezm\u00e9nyei r\u00e1nk n\u00e9zve is \u00e9s m\u00e1sokra n\u00e9zve\u00a0is f\u00e1jdalmasak. De ez nem kell \u00edgy legyen! Nem kell rossz d\u00f6nt\u00e9seket hoznunk, nem kell v\u00e9tkezz\u00fcnk, mert nem kell f\u00e9lj\u00fcnk, b\u00edzhatunk Istenben, neki minden lehets\u00e9ges, \u00e9s meg tud minket is seg\u00edteni!\u00a0Nem kell lopjak a c\u00e9gemt\u0151l att\u00f3l f\u00e9lve, hogy nem lesz el\u00e9g p\u00e9nzem a betev\u0151 falatra. Nem kell f\u00e9ljek akkor sem ha kiraknak a munkehelyemr\u0151l (mert pl. nem akartam hazudozni).\u00a0B\u00e1tran felv\u00e1llalhatom, hogy J\u00e9zusban hiszek, m\u00e9gha len\u00e9znek is ez\u00e9rt az emberek. Nem kell f\u00e9ljek ha \u00e1gynak esek is valami betegs\u00e9g miatt, mert Isten ura ennek a helyzetnek is. Nem kell odaadnom testemet valakinek, mert f\u00e9lek, hogy elhagy. Nem kell lemondjak \u00e9rt\u00e9keimr\u0151l, elveimr\u0151l, nehogy kik\u00f6z\u00f6s\u00edtsenek. Nem kell agyondolgozzam magamat att\u00f3l tartva, hogy a csal\u00e1domnak nem lesz el\u00e9g a kevesebb. Nem kell f\u00e9ljek a hal\u00e1lt\u00f3l sem, mert az\u00a0is akkor \u00e9s \u00fagy k\u00f6vetkezik be, amikor \u00e9s ahogy Isten megengedi.<\/p>\n<p>J\u00e9zus sz\u00fclet\u00e9se eml\u00e9keztessen minket Isten mindenhat\u00f3s\u00e1g\u00e1ra, \u00e9s b\u00edzzunk benne, ne f\u00e9lj\u00fcnk! Akkor megtapasztaljuk, hogy \u0151 &#8222;sok csod\u00e1s tervet&#8221; (Zsolt. 40:6) visz v\u00e9ghez \u00e9let\u00fcnkben.<\/p>\n<div class=\"sharelinks\" style=\"\">\n\t<a title=\"Sz\u0171zt\u0151l val\u00f3 sz\u00fclet\u00e9s: b\u00edzhatunk Istenben!\" rel=\"nofollow\" target=\"_blank\" href=\"http:\/\/www.facebook.com\/sharer.php?u=https:\/\/albulevente.ro\/index.php\/2017\/12\/23\/szuztol-valo-szuletes-bizhatunk-istenben\/\"><img width=\"56\" height=\"20\" alt=\"facebook\" src=\"https:\/\/albulevente.ro\/wp-content\/plugins\/facebook-google-twitter-share\/images\/facebook.png\"><\/a>\n\t<a title=\"Sz\u0171zt\u0151l val\u00f3 sz\u00fclet\u00e9s: b\u00edzhatunk Istenben!\" rel=\"nofollow\" target=\"_blank\" href=\"https:\/\/plus.google.com\/share?url=https:\/\/albulevente.ro\/index.php\/2017\/12\/23\/szuztol-valo-szuletes-bizhatunk-istenben\/\"><img width=\"60\" height=\"20\" alt=\"google plus\" src=\"https:\/\/albulevente.ro\/wp-content\/plugins\/facebook-google-twitter-share\/images\/googleplus.png\"><\/a>\n\t<a title=\"Sz\u0171zt\u0151l val\u00f3 sz\u00fclet\u00e9s: b\u00edzhatunk Istenben!\" Nagar\" rel=\"nofollow\" target=\"_blank\" href=\"http:\/\/twitter.com\/home?status=Sz\u0171zt\u0151l val\u00f3 sz\u00fclet\u00e9s: b\u00edzhatunk Istenben! https:\/\/albulevente.ro\/index.php\/2017\/12\/23\/szuztol-valo-szuletes-bizhatunk-istenben\/\"><img width=\"70\" height=\"20\" alt=\"twitter\" src=\"https:\/\/albulevente.ro\/wp-content\/plugins\/facebook-google-twitter-share\/images\/twitter.png\"><\/a>\n\t<\/div>","protected":false},"excerpt":{"rendered":"<p>&#8222;\u00c9n hiszek Istenben, de nem tudom elfogadni a sz\u0171zt\u0151l val\u00f3 sz\u00fclet\u00e9s t\u00f6rt\u00e9net\u00e9t. H\u00e1t ki hallott ilyet?! Hogy egy gyerek megsz\u00fclessen, oda egy f\u00e9rfira \u00e9s n\u0151re van sz\u00fcks\u00e9g.&#8221; Sokszor hallunk ilyen szavakat olyanokt\u00f3l is, akik Istenben h\u00edv\u0151 embereknek vallj\u00e1k magukat, mik\u00f6zben \u00e1t sem villan a fej\u00fck\u00f6n, hogy \u00e9rtelmetlen ilyesmit mondani. Mikor Istenr\u0151l besz\u00e9lnek ezek az emberek, &hellip; <\/p>\n","protected":false},"author":1,"featured_media":1286,"comment_status":"open","ping_status":"open","sticky":false,"template":"","format":"standard","meta":[],"categories":[60,61,59],"tags":[65,69,64,63,62,68,71,67],"_links":{"self":[{"href":"https:\/\/albulevente.ro\/index.php\/wp-json\/wp\/v2\/posts\/1292"}],"collection":[{"href":"https:\/\/albulevente.ro\/index.php\/wp-json\/wp\/v2\/posts"}],"about":[{"href":"https:\/\/albulevente.ro\/index.php\/wp-json\/wp\/v2\/types\/post"}],"author":[{"embeddable":true,"href":"https:\/\/albulevente.ro\/index.php\/wp-json\/wp\/v2\/users\/1"}],"replies":[{"embeddable":true,"href":"https:\/\/albulevente.ro\/index.php\/wp-json\/wp\/v2\/comments?post=1292"}],"version-history":[{"count":2,"href":"https:\/\/albulevente.ro\/index.php\/wp-json\/wp\/v2\/posts\/1292\/revisions"}],"predecessor-version":[{"id":1294,"href":"https:\/\/albulevente.ro\/index.php\/wp-json\/wp\/v2\/posts\/1292\/revisions\/1294"}],"wp:featuredmedia":[{"embeddable":true,"href":"https:\/\/albulevente.ro\/index.php\/wp-json\/wp\/v2\/media\/1286"}],"wp:attachment":[{"href":"https:\/\/albulevente.ro\/index.php\/wp-json\/wp\/v2\/media?parent=1292"}],"wp:term":[{"taxonomy":"category","embeddable":true,"href":"https:\/\/albulevente.ro\/index.php\/wp-json\/wp\/v2\/categories?post=1292"},{"taxonomy":"post_tag","embeddable":true,"href":"https:\/\/albulevente.ro\/index.php\/wp-json\/wp\/v2\/tags?post=1292"}],"curies":[{"name":"wp","href":"https:\/\/api.w.org\/{rel}","templated":true}]}}