{"id":1248,"date":"2017-04-21T10:05:27","date_gmt":"2017-04-21T08:05:27","guid":{"rendered":"http:\/\/albulevente.ro\/?p=1248"},"modified":"2017-04-21T10:11:03","modified_gmt":"2017-04-21T08:11:03","slug":"hallucinaltak-volna-a-tanitvanyok","status":"publish","type":"post","link":"https:\/\/albulevente.ro\/index.php\/2017\/04\/21\/hallucinaltak-volna-a-tanitvanyok\/","title":{"rendered":"Hallucin\u00e1ltak volna a tan\u00edtv\u00e1nyok?"},"content":{"rendered":"<p><img decoding=\"async\" loading=\"lazy\" class=\"size-medium wp-image-1252 alignright\" src=\"http:\/\/albulevente.ro\/wp-content\/uploads\/2017\/04\/Caravaggio-Cena-in-Emmaus-300x208.jpg\" alt=\"\" width=\"300\" height=\"208\" srcset=\"https:\/\/albulevente.ro\/wp-content\/uploads\/2017\/04\/Caravaggio-Cena-in-Emmaus-300x208.jpg 300w, https:\/\/albulevente.ro\/wp-content\/uploads\/2017\/04\/Caravaggio-Cena-in-Emmaus.jpg 481w\" sizes=\"(max-width: 300px) 100vw, 300px\" \/>Azok a t\u00f6r\u00e9n\u00e9szek\u00a0is, akik nem hisznek a felt\u00e1mad\u00e1sban, egyet\u00e9rtenek azzal, hogy a kereszt\u00e9nys\u00e9g \u00fagy h\u00f3d\u00edtotta meg a R\u00f3mai Birodalmat, hogy J\u00e9zus tan\u00edtv\u00e1nyai b\u00e1tran hirdett\u00e9k, hogy l\u00e1tt\u00e1k \u0151t\u00a0felt\u00e1madva negyven napon \u00e1t \u00e9s sokan k\u00f6z\u00fcl\u00fck \u00e9let\u00fcket adt\u00e1k ez\u00e9rt. <strong>Hogyan magyar\u00e1zhat\u00f3 a tan\u00edtv\u00e1nyok hal\u00e1lt megvet\u0151 b\u00e1tors\u00e1ga ha nem l\u00e1tt\u00e1k volna t\u00e9nylegesen J\u00e9zust felt\u00e1madva?<\/strong><\/p>\n<p>Ha az eg\u00e9szet kital\u00e1lt\u00e1k, nem tudjuk megmagyar\u00e1zni ezt a fajta emberfeletti elsz\u00e1nts\u00e1got, amivel az \u00faj mozgalom \u00fcgy\u00e9t k\u00e9pviselt\u00e9k. S\u0151t mi t\u00f6bb, akkor \u0151k egy hazugs\u00e1g\u00e9rt haltak meg. Ez viszont lehetetlens\u00e9g. Soha olyat nem hallottunk, hogy ennyi ember egy hazugs\u00e1g\u00e9rt meghalt volna &#8211; olyat igen, hogy valaki meghalt <em>egy \u00e1ltala igaznak v\u00e9lt<\/em> hazugs\u00e1g\u00e9rt, de ebben az esetben <em>tudt\u00e1k<\/em> <em>volna<\/em>, hogy hazugs\u00e1g. <strong>De a szkeptikusok erre azt mondj\u00e1k, hogy val\u00f3sz\u00edn\u00fcleg hallucin\u00e1ltak a tan\u00edtv\u00e1nyok.<\/strong> Nagyon akart\u00e1k, hogy J\u00e9zus t\u00e1madjon fel \u00e9s ennek eredm\u00e9nyek\u00e9nt l\u00e1tom\u00e1saik lettek r\u00f3la.<\/p>\n<p>C.S. Lewis, a neves oxfordi professzor szerint az \u00e9rz\u00e9kcsal\u00f3d\u00e1s b\u00e1rmely elm\u00e9lete\u00a0<em>\u201emegbukik azon a t\u00e9nyen (vagy ha nem t\u00e9ny, hanem kital\u00e1l\u00e1s, akkor a legfurcs\u00e1bb, amit valaha ember kiagyalt), hogy e d\u00e9lib\u00e1bban h\u00e1rom k\u00fcl\u00f6nb\u00f6z\u0151 alkalommal nem ismert\u00e9k fel azon nyomban J\u00e9zust.&#8221;\u00a0<\/em><strong>\u00b9\u00a0<\/strong>Val\u00f3ban, a magadalai M\u00e1ri\u00e1r\u00f3l olvassuk, hogy \u00f6sszet\u00e9vesztette a kert\u00e9sszel J\u00e9zust mikor megjelent neki \u00e9s csak mikor nev\u00e9n sz\u00f3l\u00edtja, akkor ismeri fel (J\u00e1nos ev. 20). \u00a0Azt\u00e1n az emmausi tan\u00edtv\u00e1nyokr\u00f3l azt \u00edrja Luk\u00e1cs, hogy hosszasan besz\u00e9lgettek vele \u00faton Emmaus fele, de nem ismert\u00e9k fel \u0151t csak mikor megt\u00f6rte a kenyeret, ahogy Caravaggio festm\u00e9ny\u00e9n is l\u00e1that\u00f3 (Luk\u00e1cs ev. 24), \u00e9s ugyancsak Luk\u00e1cs \u00edrja le, hogy mikor megjelent a tizenegy tan\u00edtv\u00e1nynak, akkor azt hitt\u00e9k valami szellemet l\u00e1tnak csak mikor megmutatta sebeit, azut\u00e1n j\u00f6ttek r\u00e1, hogy J\u00e9zus az (Luk\u00e1cs ev. 24). Amint Lewis \u00edrja, ezek a besz\u00e1mol\u00f3k alapj\u00e1n<strong> megbukik a hallucin\u00e1ci\u00f3 elm\u00e9lete, hiszen az ember nem hallucin\u00e1l egy szem\u00e9lyr\u0151l \u00fagy, hogy k\u00f6zben azt nem ismeri fel.<\/strong> (Ha csak kital\u00e1lt\u00e1k a tan\u00edtv\u00e1nyok vagy m\u00e1sok ezt a h\u00e1rom t\u00f6rt\u00e9netet J\u00e9zus megjelen\u00e9s\u00e9r\u0151l, akkor <em>\u201e<\/em><em>a legfurcs\u00e1bb, amit valaha ember kiagyalt&#8221;,\u00a0<\/em>hiszen akik meg akarnak hamis\u00edtani esem\u00e9nyeket, azok nem\u00a0\u00edgy hamis\u00edtanak.)<\/p>\n<p>M\u00e1r ez az egy ellen\u00e9rv megd\u00f6nti a hallucin\u00e1ci\u00f3 elm\u00e9letet, de n\u00e9zz\u00fck meg a k\u00f6vetkez\u0151ket is. Josh McDowell a Bizony\u00edt\u00e9kok c. k\u00f6nyv\u00e9ben\u00a0felsorol <strong>n\u00e9h\u00e1ny dolgot, amiben ez az elm\u00e9let ellentmond az \u00e9rz\u00e9kcsal\u00f3d\u00e1sok jellemz\u0151inek, amiket a pszihi\u00e1terek le\u00edrtak.\u00a0\u00b2<\/strong><\/p>\n<ul>\n<li><em>\u201eAz \u00e9rz\u00e9kcsal\u00f3d\u00e1sok nagyon egy\u00e9niek \u00e9s rendk\u00edv\u00fcl szubjekt\u00edvek&#8230; Rendk\u00edv\u00fcl val\u00f3sz\u00edn\u0171tlen teh\u00e1t, hogy k\u00e9t ember egy id\u0151ben ugyanazt az \u00e9rz\u00e9kcsal\u00f3d\u00e1st tapasztalja.&#8221;<\/em><em>\u00a0<\/em>P\u00e1l apostol azt \u00edrja, hogy egy alkalommal t\u00f6bb mint 500 ember is l\u00e1tta egyszerre a felt\u00e1madott J\u00e9zust.<\/li>\n<li>Egy \u00e9rz\u00e9kcsal\u00f3d\u00e1s eset\u00e9n egy norm\u00e1lis ember r\u00e1j\u00f6n, hogy t\u00e9vesen \u00e9szlel valamit \u00e9s \u00e1ltal\u00e1ban a t\u00f6bbi \u00e9rz\u00e9ke seg\u00edti ebben.<\/li>\n<li>\u00c1ltal\u00e1ban a &#8222;t\u00falfesz\u00edtett idegzet\u0171&#8221;, nagy k\u00e9pzel\u0151er\u0151vel rendelkez\u0151 \u00e9s rendk\u00edv\u00fcl ingerl\u00e9keny emberek k\u00e9pzelegnek. A tan\u00edtv\u00e1nyokr\u00f3l nem lehet elmondani ezt. Mindenikr\u0151l semmik\u00e9ppen.<\/li>\n<li><em>\u201eAz \u00e9rz\u00e9kcsal\u00f3d\u00e1sok \u00e1ltal\u00e1ban olyan id\u0151pontban l\u00e9pnek fel, amely k\u00fcl\u00f6n\u00f6sen a m\u00faltat felid\u00e9z\u0151 hangulatba hozza az embert.&#8221;<\/em>\u00a0J\u00e9zus megjelen\u00e9sei viszont nem ilyen helyeken \u00e9s id\u0151pontokban t\u00f6rt\u00e9ntek.<\/li>\n<li>\u00c1ltal\u00e1ban a hallucin\u00e1l\u00f3 ember el\u0151sz\u00f6r er\u0151sen v\u00e1gyik valami vagy valaki ut\u00e1n \u00e9s ennek hat\u00e1s\u00e1ra j\u00f6n az \u00e9rz\u00e9kcsal\u00f3d\u00e1s. P\u00e9ld\u00e1ul egy anya aki elvesztette fi\u00e1t, minden nap eml\u00e9kszik hogy j\u00f6tt haza fia egy bizonyos \u00f3r\u00e1ban a munk\u00e1b\u00f3l, elm\u00e9l\u00e1zik \u00e9s egy id\u0151 ut\u00e1n azt hiszi l\u00e1tja is \u0151t. A J\u00e9zus megjelen\u00e9sei a tan\u00edtv\u00e1nyok v\u00e1rakoz\u00e1sa \u00e9s akarata ellen\u00e9re t\u00f6rt\u00e9nt.<\/li>\n<li><em>\u201eAz \u00e9rz\u00e9kcsal\u00f3d\u00e1s \u00e1ltal\u00e1ban hossz\u00fa id\u0151n \u00e1t, \u00e9szrevehet\u0151 rendszeress\u00e9ggel jelentkezik.&#8221;<\/em><em>\u00a0<\/em>De J\u00e9zus megjelen\u00e9sei negyven nap ut\u00e1n hirtelen abbamaradtak.<\/li>\n<\/ul>\n<p>Ha ezek az \u00e9rvek nem gy\u0151ztek meg minket afel\u0151l, hogy a tan\u00edtv\u00e1nyok nem hallucin\u00e1ltak, akkor <strong>tegy\u00fck fel magunknak ezeket a k\u00e9rd\u00e9seket:<\/strong>\u00a0<em>T\u00e9nyleg elhissz\u00fck, hogy holmi \u00e9rz\u00e9kcsal\u00f3d\u00e1sok hat\u00e1s\u00e1ra ezek az emberek arra az \u00f3ri\u00e1si feladatra v\u00e1llalkoztak, hogy az eg\u00e9sz vil\u00e1got megh\u00f3d\u00edts\u00e1k az evang\u00e9liummal? T\u00e9nyleg elhissz\u00fck, hogy annyira becsapt\u00e1k \u0151ket ezek a hallucin\u00e1ci\u00f3k, hogy val\u00f3s\u00e1gnak l\u00e1tt\u00e1k, \u00e9s annyira meg voltak gy\u0151z\u0151dve, hogy \u00e9let\u00fcket is adt\u00e1k ez\u00e9rt? Ilyen buta emberek lehettek ezek a tan\u00edtv\u00e1nyok, hogy nem tudtak k\u00fcl\u00f6nbs\u00e9get tenni k\u00e9pzelg\u00e9s \u00e9s val\u00f3s\u00e1g k\u00f6z\u00f6tt? T\u00e9nyleg azt hissz\u00fck, hogy ezek az emberek a hallucin\u00e1ci\u00f3juk k\u00f6vetkezt\u00e9ben lettek az akkori vil\u00e1g erk\u00f6lcsi p\u00e9ldak\u00e9pei \u00e9s annak erk\u00f6lcsi \u00e1tform\u00e1l\u00f3i?<\/em><\/p>\n<p>\u00dagy l\u00e1tom el\u00e9g vil\u00e1gos, hogy <strong>a tan\u00edtv\u00e1nyok nem hallucin\u00e1ltak, nincs m\u00e1s magyar\u00e1zat a t\u00f6rt\u00e9ntekre mint az, hogy J\u00e9zus t\u00e9nyleg megjelent nekik.<\/strong> Ahogy Luk\u00e1cs \u00edrja:\u00a0<em>\u201e<\/em><em>Szenved\u00e9se ut\u00e1n sok bizony\u00edt\u00e9kkal meg is mutatta ezeknek, hogy \u0151 \u00e9l, amikor negyven napon \u00e1t megjelent el\u0151tt\u00fck, \u00e9s besz\u00e9lt az Isten orsz\u00e1ga dolgair\u00f3l.&#8221; (ApCsel. 1:3)<\/em><\/p>\n<hr \/>\n<ol>\n<li><span style=\"font-size: 10pt;\">C.S. Lewis: <em>Csod\u00e1k,<\/em> Harmat, 1994, 174. o.<\/span><\/li>\n<li><span style=\"font-size: 10pt;\">Josh McDowell:\u00a0<em>Bizony\u00edt\u00e9kok,\u00a0<\/em>KIA &#8211; Kereszty\u00e9n Ismeretterjeszt\u0151 Alap\u00edtv\u00e1ny, 2004, 262-267. o.<\/span><\/li>\n<\/ol>\n<div class=\"sharelinks\" style=\"\">\n\t<a title=\"Hallucin\u00e1ltak volna a tan\u00edtv\u00e1nyok?\" rel=\"nofollow\" target=\"_blank\" href=\"http:\/\/www.facebook.com\/sharer.php?u=https:\/\/albulevente.ro\/index.php\/2017\/04\/21\/hallucinaltak-volna-a-tanitvanyok\/\"><img width=\"56\" height=\"20\" alt=\"facebook\" src=\"https:\/\/albulevente.ro\/wp-content\/plugins\/facebook-google-twitter-share\/images\/facebook.png\"><\/a>\n\t<a title=\"Hallucin\u00e1ltak volna a tan\u00edtv\u00e1nyok?\" rel=\"nofollow\" target=\"_blank\" href=\"https:\/\/plus.google.com\/share?url=https:\/\/albulevente.ro\/index.php\/2017\/04\/21\/hallucinaltak-volna-a-tanitvanyok\/\"><img width=\"60\" height=\"20\" alt=\"google plus\" src=\"https:\/\/albulevente.ro\/wp-content\/plugins\/facebook-google-twitter-share\/images\/googleplus.png\"><\/a>\n\t<a title=\"Hallucin\u00e1ltak volna a tan\u00edtv\u00e1nyok?\" Nagar\" rel=\"nofollow\" target=\"_blank\" href=\"http:\/\/twitter.com\/home?status=Hallucin\u00e1ltak volna a tan\u00edtv\u00e1nyok? https:\/\/albulevente.ro\/index.php\/2017\/04\/21\/hallucinaltak-volna-a-tanitvanyok\/\"><img width=\"70\" height=\"20\" alt=\"twitter\" src=\"https:\/\/albulevente.ro\/wp-content\/plugins\/facebook-google-twitter-share\/images\/twitter.png\"><\/a>\n\t<\/div>","protected":false},"excerpt":{"rendered":"<p>Azok a t\u00f6r\u00e9n\u00e9szek\u00a0is, akik nem hisznek a felt\u00e1mad\u00e1sban, egyet\u00e9rtenek azzal, hogy a kereszt\u00e9nys\u00e9g \u00fagy h\u00f3d\u00edtotta meg a R\u00f3mai Birodalmat, hogy J\u00e9zus tan\u00edtv\u00e1nyai b\u00e1tran hirdett\u00e9k, hogy l\u00e1tt\u00e1k \u0151t\u00a0felt\u00e1madva negyven napon \u00e1t \u00e9s sokan k\u00f6z\u00fcl\u00fck \u00e9let\u00fcket adt\u00e1k ez\u00e9rt. Hogyan magyar\u00e1zhat\u00f3 a tan\u00edtv\u00e1nyok hal\u00e1lt megvet\u0151 b\u00e1tors\u00e1ga ha nem l\u00e1tt\u00e1k volna t\u00e9nylegesen J\u00e9zust felt\u00e1madva? Ha az eg\u00e9szet kital\u00e1lt\u00e1k, nem &hellip; <\/p>\n","protected":false},"author":1,"featured_media":1252,"comment_status":"open","ping_status":"open","sticky":false,"template":"","format":"standard","meta":[],"categories":[39,24],"tags":[49,40,47,51,50,48],"_links":{"self":[{"href":"https:\/\/albulevente.ro\/index.php\/wp-json\/wp\/v2\/posts\/1248"}],"collection":[{"href":"https:\/\/albulevente.ro\/index.php\/wp-json\/wp\/v2\/posts"}],"about":[{"href":"https:\/\/albulevente.ro\/index.php\/wp-json\/wp\/v2\/types\/post"}],"author":[{"embeddable":true,"href":"https:\/\/albulevente.ro\/index.php\/wp-json\/wp\/v2\/users\/1"}],"replies":[{"embeddable":true,"href":"https:\/\/albulevente.ro\/index.php\/wp-json\/wp\/v2\/comments?post=1248"}],"version-history":[{"count":11,"href":"https:\/\/albulevente.ro\/index.php\/wp-json\/wp\/v2\/posts\/1248\/revisions"}],"predecessor-version":[{"id":1260,"href":"https:\/\/albulevente.ro\/index.php\/wp-json\/wp\/v2\/posts\/1248\/revisions\/1260"}],"wp:featuredmedia":[{"embeddable":true,"href":"https:\/\/albulevente.ro\/index.php\/wp-json\/wp\/v2\/media\/1252"}],"wp:attachment":[{"href":"https:\/\/albulevente.ro\/index.php\/wp-json\/wp\/v2\/media?parent=1248"}],"wp:term":[{"taxonomy":"category","embeddable":true,"href":"https:\/\/albulevente.ro\/index.php\/wp-json\/wp\/v2\/categories?post=1248"},{"taxonomy":"post_tag","embeddable":true,"href":"https:\/\/albulevente.ro\/index.php\/wp-json\/wp\/v2\/tags?post=1248"}],"curies":[{"name":"wp","href":"https:\/\/api.w.org\/{rel}","templated":true}]}}