{"id":1227,"date":"2017-04-10T19:07:26","date_gmt":"2017-04-10T17:07:26","guid":{"rendered":"http:\/\/albulevente.ro\/?p=1227"},"modified":"2017-04-11T16:17:29","modified_gmt":"2017-04-11T14:17:29","slug":"a-nem-kell-olyan-komolyan-venni","status":"publish","type":"post","link":"https:\/\/albulevente.ro\/index.php\/2017\/04\/10\/a-nem-kell-olyan-komolyan-venni\/","title":{"rendered":"\u201e\u00c1, nem kell olyan komolyan venni&#8230;&#8221;"},"content":{"rendered":"<p><img decoding=\"async\" loading=\"lazy\" class=\"size-medium wp-image-1231 alignright\" src=\"http:\/\/albulevente.ro\/wp-content\/uploads\/2017\/04\/empty_tomb1-e1491834265736-300x208.jpg\" alt=\"\" width=\"300\" height=\"208\" srcset=\"https:\/\/albulevente.ro\/wp-content\/uploads\/2017\/04\/empty_tomb1-e1491834265736-300x208.jpg 300w, https:\/\/albulevente.ro\/wp-content\/uploads\/2017\/04\/empty_tomb1-e1491834265736.jpg 487w\" sizes=\"(max-width: 300px) 100vw, 300px\" \/>Ha &#8211; p\u00e9ld\u00e1ul H\u00fasv\u00e9t ideje alatt\u00a0&#8211; megk\u00e9rdez\u00fcnk embereket, hogy igaz\u00e1n hisznek-e J\u00e9zus testi felt\u00e1mad\u00e1s\u00e1ban, akkor gyakran ilyen v\u00e1laszokat kapunk: <em>\u201e<\/em><em>H\u00e1t azt mondj\u00e1k&#8230; ki tudja?&#8221;<\/em>\u00a0vagy <em>\u201e<\/em><em>Nem tudom, nem hiszem, de nem is olyan fontos.&#8221;\u00a0<\/em>vagy <em>\u201e<\/em><em>Mi\u00e9rt veszed olyan komolyan a dolgokat? Nem kell annyira belem\u00e9lyedni!&#8221;<\/em>\u00a0<strong>Ezekben a v\u00e1laszokban az a k\u00f6z\u00f6s, hogy nem tartj\u00e1k fontosnak a k\u00e9rd\u00e9st, hogy J\u00e9zus val\u00f3ban felt\u00e1madt-e vagy sem.<\/strong><\/p>\n<p>De nem kezelhetj\u00fck ezt a k\u00e9rd\u00e9st olyan k\u00f6nnyelm\u0171en! Kell l\u00e1tnunk, hogy ha J\u00e9zus nem t\u00e1madt fel 2000 \u00e9vvel ezel\u0151tt t\u00e9rben \u00e9s id\u0151ben, akkor a kereszt\u00e9ny hit hi\u00e1baval\u00f3, az emberi agyaf\u00farts\u00e1g legnagyobb \u00e1ltat\u00e1sa, egy nagy csal\u00e1s, ami f\u00e9lrevezetett sokakat&#8230; de nagyon. P\u00e1l apostol is, aki a kereszt\u00e9ny hit legnagyobb terjeszt\u0151je volt, elismeri ezt mikor ezt \u00edrja a korinthusiakhoz \u00edrt els\u0151 level\u00e9ben:\u00a0<em>&#8222;Ha pedig Krisztus nem t\u00e1madt fel, akkor hi\u00e1baval\u00f3 a mi igehirdet\u00e9s\u00fcnk, de hi\u00e1baval\u00f3 a ti hitetek is.&#8221; (1Kor. 15:14)<\/em><\/p>\n<p><em>\u201eHogyhogy?<\/em> &#8211; k\u00e9rdezik sokan &#8211;<em> H\u00e1t ha nem is t\u00e1madt fel J\u00e9zus, a tan\u00edt\u00e1sai szerint lehetne \u00e9lni, lehetne hinni Istenben, lehetne im\u00e1dkozni, lehet\u00fcnk j\u00f3 kereszt\u00e9nyek stb.&#8221; <\/em>Vajon? H\u00edvlak kedves olvas\u00f3, hogy gondolkodjunk el az al\u00e1bbiakon.<\/p>\n<p><strong>Az \u00e9rvel\u00e9sem amellett, hogy a J\u00e9zus felt\u00e1mad\u00e1s\u00e1nak k\u00e9rd\u00e9se fontos azon alapszik, hogy ett\u0151l a k\u00e9rd\u00e9st\u0151l f\u00fcgg az, hogy kicsoda J\u00e9zus.<\/strong> J\u00e1nos evang\u00e9liuma szerint amikor elkezdi nyilv\u00e1nos szolg\u00e1lat\u00e1t \u00e9s ki\u0171zi a p\u00e9nzv\u00e1lt\u00f3kat \u00e9s az \u00e1rusokat j\u00f3sz\u00e1gaikkal egy\u00fctt a templomb\u00f3l, a zsid\u00f3k megk\u00e9rdezt\u00e9k t\u0151le, hogy milyen jelt tud mutatni, ami bizony\u00edtja, hogy van joga mindezt tenni? (J\u00e1nos ev. 2:18) Erre J\u00e9zus rejt\u00e9lyes m\u00f3don a felt\u00e1mad\u00e1s\u00e1t \u00edg\u00e9ri bizony\u00edt\u00e9kk\u00e9nt szem\u00e9ly\u00e9t illet\u0151en. Egy m\u00e1sik alkalommal is k\u00e9rik, hogy mutasson jelt, mert nem tudtak benne hinni. J\u00e9zus eml\u00edthette volna a sok csod\u00e1t, amit tett, de \u00fajb\u00f3l\u00a0a felt\u00e1mad\u00e1s\u00e1t \u00edg\u00e9ri J\u00f3n\u00e1s jel\u00e9nek nevezve (M\u00e1t\u00e9 ev. 12:38-40). T\u00f6bbsz\u00f6r is meg\u00edg\u00e9rte tan\u00edtv\u00e1nyainak, hogy meg fog halni de harmadnap felt\u00e1mad ezzel mintegy v\u00e9gleg megpecs\u00e9telve azt, hogy \u0151 az Isten Fia. J\u00e9zus a maga hiteless\u00e9g\u00e9t a felt\u00e1mad\u00e1s\u00e1ra alapozta. P\u00e1l apostol is azt \u00edrja: <em>\u201e<\/em><em>a halottak k\u00f6z\u00fcl val\u00f3 felt\u00e1mad\u00e1s\u00e1val Isten hatalmas Fi\u00e1nak bizonyult.&#8221; (R\u00f3m. 1:4)<\/em>\u00a0Mondhatjuk, hogy ha J\u00e9zus felt\u00e1madt, akkor \u0151 Isten Fia, ha nem t\u00e1madt fel, akkor \u0151 nem Isten Fia. Ennyire egyszer\u0171.<\/p>\n<p>Az el\u0151bbi gondolatb\u00f3l vil\u00e1gosan k\u00f6vetkezik, hogy ha J\u00e9zus az Isten Fia, akkor nagyon oda kell figyeln\u00fcnk arra amit tan\u00edt, ha viszont nem Isten Fia, akkor elvesz\u00edti hiteless\u00e9g\u00e9t mint tan\u00edt\u00f3. Timothy Keller, a New York-i lelkip\u00e1sztor \u00e9s teol\u00f3gus ezt \u00edrja:<\/p>\n<p style=\"padding-left: 30px;\"><em>\u201eHa J\u00e9zus felt\u00e1madt a hal\u00e1lb\u00f3l, el kell fogadnod mindent, amit \u0151 mondott; ha nem t\u00e1madt fel, mi\u00e9rt izgatod magad b\u00e1rmi miatt, amit mondott? A dolgok \u00e1ll\u00e1s\u00e1n keveset v\u00e1ltoztat az, hogy nek\u00fcnk mi tetszik \u00e9s mi nem, minden azon \u00e1ll vagy bukik, hogy felt\u00e1madt-e vagy sem a halottak k\u00fcz\u00fcl.&#8221; \u00b9<\/em><\/p>\n<p><strong>P\u00e9ld\u00e1ul sokaknak fontos k\u00e9rd\u00e9s, hogy van-e hal\u00e1lon t\u00fali l\u00e9t?<\/strong>\u00a0J\u00e9zus \u00e9s tan\u00edtv\u00e1nyai azt hirdett\u00e9k, hogy\u00a0\u00f6r\u00f6k \u00e9let\u00fcnk van ha hisz\u00fcnk Krisztusban \u00e9s \u0151t k\u00f6vetj\u00fck eg\u00e9sz \u00e9let\u00fcnkkel. <em>\u201e<\/em><em>Mert \u00fagy szerette Isten a vil\u00e1got, hogy egysz\u00fcl\u00f6tt Fi\u00e1t adta, hogy aki hisz \u0151benne, el ne vesszen, hanem \u00f6r\u00f6k \u00e9lete legyen.&#8221; (J\u00e1nos ev. 3:16)<\/em>\u00a0M\u00e1shol azt mondja J\u00e9zus: <em>\u201e\u00c9n vagyok a felt\u00e1mad\u00e1s \u00e9s az \u00e9let, aki hisz \u00e9nbennem, ha meghal is, \u00e9l&#8230;&#8221; (J\u00e1nos ev. 11:25)<\/em> De milyen nagy \u00e1ltat\u00e1s ez az eg\u00e9sz ha J\u00e9zus nem t\u00e1madt fel \u00e9s nem az Isten Fia! Emberek milli\u00f3i az \u00e9vsz\u00e1zadok sor\u00e1n buta m\u00f3don rem\u00e9nykedtek olyasvalamiben, ami nincs \u00e9s sosem lesz.\u00a0Akkor ink\u00e1bb <em>\u201eegy\u00fcnk \u00e9s igyunk, mert holnap \u00fagyis meghalunk\u201d<\/em>, ahogy akkoriban sokan mondt\u00e1k (1Kor. 15:32).<\/p>\n<p><strong>Sokakat \u00e9rz\u00e9kenyen \u00e9rint\u0151 k\u00e9rd\u00e9s, hogy van-e v\u00e9gs\u0151 igazs\u00e1gszolg\u00e1ltat\u00e1s a sok igazs\u00e1gtalans\u00e1gra, amit elszenvedtek vagy nincs?<\/strong> Itt a f\u00f6ld\u00f6n vil\u00e1gos, hogy sokszor nincs. J\u00e9zus (\u00e9s nem az apostolok) tan\u00edtott a legt\u00f6bbet a v\u00e9gs\u0151 \u00edt\u00e9letr\u0151l, amiben \u0151 is r\u00e9szt fog venni mint \u00edt\u00e9l\u0151 b\u00edr\u00f3, \u00e9s ami \u00e1ltal mindenki megkapja a neki j\u00e1r\u00f3 b\u00fcntet\u00e9st vagy kegyelmet. Ez\u00e9rt is h\u00edvta J\u00e9zus az embereket megt\u00e9r\u00e9sre \u00e9s h\u00edvj\u00e1k ma is az \u0151 k\u00f6vet\u0151i. De ha J\u00e9zus nem Isten Fia, semmi okunk b\u00edzni abban, hogy lesz v\u00e9gs\u0151 elsz\u00e1mol\u00e1s, igazs\u00e1gszolg\u00e1ltat\u00e1s. Akkor rengeteg ember az \u00e9let igazs\u00e1gtalans\u00e1gai miatt keser\u0171 sz\u00edvvel kell meghaljon. Akkor a sok evangeliz\u00e1ci\u00f3s pr\u00e9dik\u00e1ci\u00f3 \u00e9s el\u0151ad\u00e1s, amit a h\u00edv\u0151k tartanak, hogy h\u00edvj\u00e1k felebar\u00e1taikat is a megt\u00e9r\u00e9sre, a j\u00f3hiszem\u0171 de becsapott emberek siralmasan hi\u00e1baval\u00f3 er\u0151fesz\u00edt\u00e9se.<\/p>\n<p><strong>Az sem mindegy, hogy van b\u0171nbocs\u00e1nat vagy nincs, hiszen sokakat terhel a nyomaszt\u00f3 b\u0171ntudat \u00e9s lelkiismeretfurdal\u00e1s.<\/strong> Az \u00farvacsor\u00e1t (\u00e1ldoz\u00e1st) az\u00e9rt rendelte el J\u00e9zus, hogy ez\u00e1ltal eml\u00e9kezz\u00fcnk meg arr\u00f3l, hogy \u0151 meghalt b\u0171neink\u00e9rt, helyett\u00fcnk megfizetett azok\u00e9rt, ez\u00e9rt ha megb\u00e1njuk b\u0171neinket, meg lesznek\u00a0bocs\u00e1tva. De ha J\u00e9zus nem Isten Fia, akkor nem is lehet a Megv\u00e1lt\u00f3 hiszen egy ember nem tud megfizetni az emberis\u00e9g b\u0171nei\u00e9rt, \u00e9rtelmetlen lenne ilyesmit hinni valakir\u0151l, aki \u0151 is egy a sok ember k\u00f6z\u00fcl &#8211; m\u00e9gha sokkal szentebb is mint a t\u00f6bbi. A sok \u00farvacsorai szertart\u00e1s puszt\u00e1n csak az emberi b\u0171ntudat olcs\u00f3 \u00e9s semmit nem \u00e9r\u0151 megnyugtat\u00e1sa lenne, a sok b\u0171ntudat miatti depresszi\u00f3s ember sz\u00e1m\u00e1ra nem lenne vigasz.<\/p>\n<p><strong>Van-e k\u00fcl\u00f6nbs\u00e9g a kereszt\u00e9nys\u00e9g \u00e9s a t\u00f6bbi vall\u00e1s k\u00f6z\u00f6tt?<\/strong> Az apostolok tan\u00edt\u00e1sa szerint igen, mert az igazi kereszt\u00e9ny \u00e9let &#8211; az \u00e1ltal\u00e1ban elterjedt felfog\u00e1ssal szemben &#8211; nem a bibliai parancsok \u00e9s r\u00edtusok megtart\u00e1s\u00e1ra val\u00f3 t\u00f6rekv\u00e9s vagy\u00a0a J\u00e9zus erk\u00f6lcsi tan\u00edt\u00e1s\u00e1nak val\u00f3 megfelel\u00e9s, hanem a felt\u00e1madt J\u00e9zus Krisztus ereje \u00e1ltal val\u00f3 \u00faj \u00e9let, ahogy P\u00e1l apostol \u00edrja: <em>\u201e<\/em><em>Krisztus \u00e9l bennem&#8221; (Galat\u00e1k 2:20)<\/em>. De ez\u00a0nem igaz ha J\u00e9zus nem t\u00e1madt fel, a kereszt\u00e9nys\u00e9g is csak egy a sok vall\u00e1s k\u00f6z\u00fcl, amelyek \u00e1ltal az emberek er\u0151lk\u00f6dnek betartani bizonyos szab\u00e1lyokat, szertart\u00e1sokat \u00e9s vall\u00e1sos gyakorlatokat, h\u00e1tha boldogok lesznek.<\/p>\n<p><strong>Mi\u00e9rt engedi meg Isten a szenved\u00e9st? Ez is \u00e9get\u0151 k\u00e9rd\u00e9s.\u00a0<\/strong>J\u00e9zus t\u00f6bbsz\u00f6r is mondta, hogy az \u0151 kereszthal\u00e1la nem v\u00e9letlen esem\u00e9ny, hanem az \u0151 szenved\u00e9s\u00e9t \u00e9s hal\u00e1l\u00e1t egy fontos c\u00e9l \u00e9rdek\u00e9ben engedte meg Isten\u00a0&#8211; \u00e9spedig a mi megv\u00e1lt\u00e1sunk\u00e9rt -, ugyanakkor J\u00e9zusnak is nagyon j\u00f3 sz\u00e1rmazott bel\u0151le &#8211; \u00e9spedig a felt\u00e1mad\u00e1sa \u00e9s medics\u0151\u00fcl\u00e9se. Hasonl\u00f3an azt \u00edg\u00e9ri J\u00e9zus, hogy a mi szenved\u00e9seink is az\u00e9rt t\u00f6rt\u00e9nnek, hogy valami nagyon j\u00f3t hozzon ki bel\u0151l\u00fck Isten (R\u00f3ma 8:12). Persze ez is egy nagyon olcs\u00f3 vigasz ha J\u00e9zus nem t\u00e1madt fel, mert akkor J\u00e9zus szenved\u00e9se \u00e9s hal\u00e1la egy \u00e9rtelmetlen szenved\u00e9s \u00e9s hal\u00e1l lenne, teh\u00e1t milyen alapon ad Isten olyan \u00edg\u00e9retet nek\u00fcnk, amit J\u00e9zus eset\u00e9ben nem tudott megval\u00f3s\u00edtani?<\/p>\n<p><strong>A fenti gondolatok alapj\u00e1n \u00fagy gondolom elmondhatjuk, hogy ha J\u00e9zus felt\u00e1madt, akkor sokkal m\u00e1sabb tud lenni az eg\u00e9sz emberi gondolkod\u00e1s, az \u00e9let \u00e9s a v\u00e9gs\u0151 boldogs\u00e1g mint ellenkez\u0151 esetben.<\/strong> Vil\u00e1gos, hogy J\u00e9zus felt\u00e1mad\u00e1sa n\u00e9lk\u00fcl csak egy ki\u00fcresedett kereszt\u00e9nys\u00e9g van, amit nem is nevezhet\u00fcnk igaz\u00e1b\u00f3l kereszt\u00e9nys\u00e9gnek.<\/p>\n<p>Ez\u00e9rt fontos a k\u00e9rd\u00e9s, hogy felt\u00e1madt-e J\u00e9zus a hal\u00e1lb\u00f3l vagy nem! Ez\u00e9rt kellene ut\u00e1nan\u00e9zni, hogy t\u00e9nyleg megt\u00f6rt\u00e9nt-e vagy sem. Ez\u00e9rt nem kellene \u00e9rdektelen \u00e9s lebesz\u00e9l\u0151 mosollyal olyasmit mondani, hogy <em>\u201e\u00c1, nem kell olyan komolyan venni&#8230;&#8221;<\/em> Ha az \u00e9let-hal\u00e1l k\u00e9rd\u00e9sek nem fontosak, akkor mi fontos?<\/p>\n<hr \/>\n<ol>\n<li><span style=\"font-size: 10pt;\">Tim Keller: <em>Hit \u00e9s k\u00e9telked\u00e9s<\/em>, Harmat &#8211; Koin\u00f3nia 2012, 221. o.<\/span><\/li>\n<\/ol>\n<div class=\"sharelinks\" style=\"\">\n\t<a title=\"\u201e\u00c1, nem kell olyan komolyan venni&#8230;&#8221;\" rel=\"nofollow\" target=\"_blank\" href=\"http:\/\/www.facebook.com\/sharer.php?u=https:\/\/albulevente.ro\/index.php\/2017\/04\/10\/a-nem-kell-olyan-komolyan-venni\/\"><img width=\"56\" height=\"20\" alt=\"facebook\" src=\"https:\/\/albulevente.ro\/wp-content\/plugins\/facebook-google-twitter-share\/images\/facebook.png\"><\/a>\n\t<a title=\"\u201e\u00c1, nem kell olyan komolyan venni&#8230;&#8221;\" rel=\"nofollow\" target=\"_blank\" href=\"https:\/\/plus.google.com\/share?url=https:\/\/albulevente.ro\/index.php\/2017\/04\/10\/a-nem-kell-olyan-komolyan-venni\/\"><img width=\"60\" height=\"20\" alt=\"google plus\" src=\"https:\/\/albulevente.ro\/wp-content\/plugins\/facebook-google-twitter-share\/images\/googleplus.png\"><\/a>\n\t<a title=\"\u201e\u00c1, nem kell olyan komolyan venni&#8230;&#8221;\" Nagar\" rel=\"nofollow\" target=\"_blank\" href=\"http:\/\/twitter.com\/home?status=\u201e\u00c1, nem kell olyan komolyan venni&#8230;&#8221; https:\/\/albulevente.ro\/index.php\/2017\/04\/10\/a-nem-kell-olyan-komolyan-venni\/\"><img width=\"70\" height=\"20\" alt=\"twitter\" src=\"https:\/\/albulevente.ro\/wp-content\/plugins\/facebook-google-twitter-share\/images\/twitter.png\"><\/a>\n\t<\/div>","protected":false},"excerpt":{"rendered":"<p>Ha &#8211; p\u00e9ld\u00e1ul H\u00fasv\u00e9t ideje alatt\u00a0&#8211; megk\u00e9rdez\u00fcnk embereket, hogy igaz\u00e1n hisznek-e J\u00e9zus testi felt\u00e1mad\u00e1s\u00e1ban, akkor gyakran ilyen v\u00e1laszokat kapunk: \u201eH\u00e1t azt mondj\u00e1k&#8230; ki tudja?&#8221;\u00a0vagy \u201eNem tudom, nem hiszem, de nem is olyan fontos.&#8221;\u00a0vagy \u201eMi\u00e9rt veszed olyan komolyan a dolgokat? Nem kell annyira belem\u00e9lyedni!&#8221;\u00a0Ezekben a v\u00e1laszokban az a k\u00f6z\u00f6s, hogy nem tartj\u00e1k fontosnak a k\u00e9rd\u00e9st, hogy &hellip; <\/p>\n","protected":false},"author":1,"featured_media":1231,"comment_status":"open","ping_status":"open","sticky":false,"template":"","format":"standard","meta":[],"categories":[39,24],"tags":[43,44,40,45,42,21,46],"_links":{"self":[{"href":"https:\/\/albulevente.ro\/index.php\/wp-json\/wp\/v2\/posts\/1227"}],"collection":[{"href":"https:\/\/albulevente.ro\/index.php\/wp-json\/wp\/v2\/posts"}],"about":[{"href":"https:\/\/albulevente.ro\/index.php\/wp-json\/wp\/v2\/types\/post"}],"author":[{"embeddable":true,"href":"https:\/\/albulevente.ro\/index.php\/wp-json\/wp\/v2\/users\/1"}],"replies":[{"embeddable":true,"href":"https:\/\/albulevente.ro\/index.php\/wp-json\/wp\/v2\/comments?post=1227"}],"version-history":[{"count":16,"href":"https:\/\/albulevente.ro\/index.php\/wp-json\/wp\/v2\/posts\/1227\/revisions"}],"predecessor-version":[{"id":1244,"href":"https:\/\/albulevente.ro\/index.php\/wp-json\/wp\/v2\/posts\/1227\/revisions\/1244"}],"wp:featuredmedia":[{"embeddable":true,"href":"https:\/\/albulevente.ro\/index.php\/wp-json\/wp\/v2\/media\/1231"}],"wp:attachment":[{"href":"https:\/\/albulevente.ro\/index.php\/wp-json\/wp\/v2\/media?parent=1227"}],"wp:term":[{"taxonomy":"category","embeddable":true,"href":"https:\/\/albulevente.ro\/index.php\/wp-json\/wp\/v2\/categories?post=1227"},{"taxonomy":"post_tag","embeddable":true,"href":"https:\/\/albulevente.ro\/index.php\/wp-json\/wp\/v2\/tags?post=1227"}],"curies":[{"name":"wp","href":"https:\/\/api.w.org\/{rel}","templated":true}]}}