{"id":1187,"date":"2017-03-16T23:39:32","date_gmt":"2017-03-16T21:39:32","guid":{"rendered":"http:\/\/albulevente.ro\/?p=1187"},"modified":"2017-03-19T23:32:16","modified_gmt":"2017-03-19T21:32:16","slug":"munka-hivatas-elhivas","status":"publish","type":"post","link":"https:\/\/albulevente.ro\/index.php\/2017\/03\/16\/munka-hivatas-elhivas\/","title":{"rendered":"Munka&#8230; Hivat\u00e1s&#8230; Elh\u00edv\u00e1s"},"content":{"rendered":"<p><img decoding=\"async\" loading=\"lazy\" class=\"size-medium wp-image-1091 alignright\" src=\"http:\/\/albulevente.ro\/wp-content\/uploads\/2017\/03\/sylwia-bartyzel-135274-e1489697505280-300x199.jpg\" alt=\"\" width=\"300\" height=\"199\" srcset=\"https:\/\/albulevente.ro\/wp-content\/uploads\/2017\/03\/sylwia-bartyzel-135274-e1489697505280-300x199.jpg 300w, https:\/\/albulevente.ro\/wp-content\/uploads\/2017\/03\/sylwia-bartyzel-135274-e1489697505280-768x509.jpg 768w, https:\/\/albulevente.ro\/wp-content\/uploads\/2017\/03\/sylwia-bartyzel-135274-e1489697505280-1024x679.jpg 1024w\" sizes=\"(max-width: 300px) 100vw, 300px\" \/>Van-e egy\u00e1ltal\u00e1n olyan, hogy hivat\u00e1s? Sokan \u00f6r\u00fclnek ha valahol tudnak dolgozni. M\u00e1sok lehet nem szeretik azt, amit tanultak \u00e9s amit dolgoznak de nincs mersz\u00fck \u00faj ir\u00e1nyba elindulni. Megint m\u00e1sok pedig \u00fagy v\u00e1lasztottak szakm\u00e1t, hogy megn\u00e9zt\u00e9k hol j\u00f6n t\u00f6bb p\u00e9nz, \u00e9s most is az motiv\u00e1lja \u0151ket a munk\u00e1jukban, hogy sok p\u00e9nzt nyernek&#8230; vagy az, hogy egyre feljebb jutnak a karrier l\u00e9tr\u00e1n.<\/p>\n<p>Ezek ellen\u00e9re \u00e1ltal\u00e1nos emberi tapasztalat, hogy v\u00e1gyunk hivat\u00e1sszer\u0171en dolgozni, v\u00e1gyunk arra, hogy olyan munk\u00e1t v\u00e9gezz\u00fcnk, amit szeret\u00fcnk is \u00e9s v\u00e1gyunk meg\u00e9rteni \u00e9let\u00fcnk c\u00e9lj\u00e1t. Ahogy Os Guinness \u00edrja az\u00a0<em>Elh\u00edv\u00e1s\u00a0<\/em>c. k\u00f6nyv\u00e9ben:\u00a0<em>&#8222;T\u00fcrelmetlen\u00fcl keress\u00fck annak bizonyoss\u00e1g\u00e1t, hogy vajon teljes\u00edtj\u00fck-e azt a feladatot, ami\u00e9rt a vil\u00e1gra j\u00f6tt\u00fcnk.&#8221;<\/em>\u00a0Egy ideig tudunk \u00f6r\u00f6mmel dolgozni akkor is ha nem hivat\u00e1sunkban vagyunk, de egy id\u0151 ut\u00e1n m\u00e1r nem tudjuk becsapni magunkat, hogy minden rendben van. Lehet az emberek elismernek, el\u0151tt\u00fck boldogoknak mutatjuk magunkat, bel\u00fcl azonban csal\u00f3dotts\u00e1g van mert az a m\u00e9ly v\u00e1gyunk, hogy hivat\u00e1sszer\u0171en dolgozzunk, nem teljes\u00fclt. Nem felejtem el egy k\u00f6z\u00e9pkor\u00fa n\u0151 \u0151szinte beismer\u00e9s\u00e9t miut\u00e1n megk\u00e9rdezte t\u0151lem, hogy mivel foglalkozom \u00e9s elmondtam, hogy nem a tanult szakm\u00e1mban dolgozom. Azt mondta, hogy j\u00f3l teszem ha azzal foglalkozom, amit szeretek mert \u0151 sajnos nem, mindig is tan\u00e1rn\u0151 akart lenni de saj\u00e1t mulaszt\u00e1sa miatt nem az lett.<\/p>\n<p>Steve Jobs arra b\u00e1tor\u00edtotta a Stanford Egyetem v\u00e9gz\u0151seit 2005-ben, hogy tal\u00e1lj\u00e1k meg azt a szakm\u00e1t, amit szeretnek: <em>&#8222;R\u00e1 kell j\u00f6nn\u00f6d, mit szeretsz. Ez a munk\u00e1ra \u00e9s az emberekkel val\u00f3 kapcsolataidra n\u00e9zve egyar\u00e1nt igaz. A munka az \u00e9let\u00fcnk nagy r\u00e9sz\u00e9t foglalja el, \u00e9s az egyetlen m\u00f3d, hogy el\u00e9gedett lehess az, ha j\u00f3 eredm\u00e9nyeid vannak, \u00e9s csak akkor lehetnek j\u00f3 eredm\u00e9nyeid, ha szereted azt, amit csin\u00e1lsz. Ha m\u00e9g ezt nem tal\u00e1ltad meg, folytasd tov\u00e1bb a keres\u00e9st. Ne \u00e9rd be kevesebbel.&#8221;<\/em><\/p>\n<p>Lehet azt mondod, hogy te nem engedheted meg azt a luxust, hogy keresg\u00e9lj olyan szakm\u00e1t, amit szeretsz, el kell tartanod a csal\u00e1dod stb. Kis l\u00e9p\u00e9sekben kell gondolkodni, ak\u00e1r munkahelyeden bel\u00fcl&#8230; \u00e9s nem biztos r\u00f6vid folyamat lesz hivat\u00e1sod felfedez\u00e9se, de ha t\u00edz \u00e9vbe ker\u00fcl is, akkor is meg\u00e9rte, ha h\u00fasz \u00e9vbe, akkor is. Manaps\u00e1g nagyon elterjedt az \u00e9letk\u00f6z\u00e9pi v\u00e1ls\u00e1g (midlife crisis). Nem-e az\u00e9rt alakul ki sokakn\u00e1l ez a v\u00e1ls\u00e1g mert a fel\u00e9p\u00edtett karrier\u00fck \u00e9s az igazi hivat\u00e1suk k\u00f6z\u00f6tt nagy k\u00fcl\u00f6nbs\u00e9g van? Ez mindenk\u00e9pp egyik fontos kiv\u00e1lt\u00f3 oka.<\/p>\n<p><em>\u201eMinden \u2013 egy l\u00f3, egy sz\u0151l\u0151inda \u2013 feladatra van teremtve\u2026 Te magad mire lett\u00e9l teremtve? Egy ember akkor igaz\u00e1n teljes, ha azt teheti, amire teremtve lett.\u201d\u00a0<\/em>Marcus Aurelius, r\u00f3mai cs\u00e1sz\u00e1r \u00e9s filoz\u00f3fus fej\u00e9n tal\u00e1lta a sz\u00f6get mikor ezt \u00edrta. Az\u00e9rt is mert szerinte az ember\u00a0teremtve lett&#8230; Isten \u00e1ltal, \u00e9s nem is ak\u00e1rhogy: feladattal, c\u00e9llal. Err\u0151l tan\u00faskodik a Biblia is, \u00e9s arr\u00f3l is, hogy b\u00e1r elszakadtunk Istent\u0151l, m\u00e9gis \u0151 arra v\u00e1r, hogy visszat\u00e9rj\u00fcnk hozz\u00e1 \u00e9s \u00edgy felfedezz\u00fck azt a teljes \u00e9letet, amit akar adni nek\u00fcnk m\u00e1r itt a f\u00f6ld\u00f6n. J\u00e9zus azt mondja mag\u00e1r\u00f3l, hogy \u0151 a j\u00f3 p\u00e1sztor, \u00e9s <em>&#8222;Amikor a maga juhait mind kivezeti, el\u0151tt\u00fck j\u00e1r, \u00e9s a juhok k\u00f6vetik, mert ismerik a hangj\u00e1t&#8230; az\u00e9rt j\u00f6ttem, hogy \u00e9let\u00fck legyen, s\u0151t b\u0151s\u00e9gben \u00e9ljenek.&#8221;<\/em> (Jn. 10:1-4)<\/p>\n<p>Akik a mai szekul\u00e1ris vil\u00e1g szerint gondolkodnak, azok nem annyira felfedezik,\u00a0ink\u00e1bb eld\u00f6ntik mi a hivat\u00e1suk (persze vannak, akik j\u00f3l d\u00f6ntenek). \u0150k azt mondj\u00e1k, hogy nincs Valaki, aki megmondja, hogy mi az \u00e9n k\u00fcldet\u00e9sem a f\u00f6ld\u00f6n, hanem \u00e9n kell megval\u00f3s\u00edtsam magamat. Kereszt\u00e9ny szemmel ezt a fajta gondolkod\u00e1st t\u00e9v\u00fatra vezet\u0151nek l\u00e1tom. Ismerve saj\u00e1t \u00f6nz\u0151 \u00e9s gyarl\u00f3 term\u00e9szetemet, merem felt\u00e9telezni, hogy azok, akik csak saj\u00e1t bel\u00e1t\u00e1suk alapj\u00e1n akarj\u00e1k eld\u00f6nteni, hogy mik szeretn\u00e9nek lenni, azokat is sokszor az \u00f6nz\u00e9s, a nagyrav\u00e1gy\u00e1s, a p\u00e9nz ut\u00e1ni s\u00f3v\u00e1rg\u00e1s, a verseng\u00e9s vagy lehet \u00e9pp a f\u00e9lelmeik vezetik&#8230; vagy egyszer\u0171en csak a meg\u00e9lhet\u00e9s megteremt\u00e9s\u00e9nek v\u00e1gya. Ezek f\u00e9lresiker\u00fclt \u00e9letutakra\u00a0vihetnek.<\/p>\n<p>Os Guinness nagyon sz\u00e9pen megfogalmazta a kereszt\u00e9ny elk\u00e9pzel\u00e9st:\u00a0<em>&#8222;Isten&#8230; arra sz\u00f3l\u00edt, hogy l\u00e9pj\u00fcnk vele szem\u00e9lyes kapcsolatba. \u00c9letc\u00e9lunk ilyenform\u00e1n egyszerre k\u00e9t alapk\u00e9rd\u00e9sb\u0151l t\u00e1pl\u00e1lkozik &#8211; kiv\u00e9 vagyunk teremtve, \u00e9s mire vagyunk eh\u00edva. Ez az elh\u00edv\u00e1s, azon k\u00edv\u00fcl, hogy az \u00f6nismeret \u00e9s a bels\u0151 fejl\u0151d\u00e9s legm\u00e9lyebb forr\u00e1sa, ihletet \u00e9s dinamizmust ad ahhoz, hogy \u00f6nmagunk felfedez\u00e9s\u00e9t semmihez nem hasonl\u00edthat\u00f3 v\u00e1llalkoz\u00e1ss\u00e1 alak\u00edtsuk \u00e1t.&#8221;<\/em> (Elh\u00edv\u00e1s) Itt m\u00e1r elh\u00edv\u00e1sr\u00f3l van sz\u00f3, nem is a hivat\u00e1s sz\u00f3t haszn\u00e1lja. Maga a hivat\u00e1s sz\u00f3 vall\u00e1sos, bibliai eredet\u0171, a &#8222;vocatio&#8221; latin sz\u00f3b\u00f3l ered, amit elh\u00edv\u00e1snak jobb ford\u00edtani,\u00a0Isten elh\u00edv\u00e1s\u00e1t jelentette a benne h\u00edv\u0151k \u00e9let\u00e9re. Mondhatjuk, hogy a hivat\u00e1s sz\u00f3t ink\u00e1bb szekulariz\u00e1lt \u00e9rtelemben haszn\u00e1lj\u00e1k, az elh\u00edv\u00e1s sz\u00f3ban benne van az, hogy Istent\u0151l van. Ez\u00e9rt t\u00e1gabb fogalom is, nemcsak a szakma van benne hanem az eg\u00e9sz emberi \u00e9let. Amint felel\u00fcnk Isten elh\u00edv\u00e1s\u00e1ra, ahogy Os Guiness \u00edrja, <em>&#8222;az \u00f6nimseret \u00e9s a bels\u0151 fejl\u0151d\u00e9s legm\u00e9lyebb forr\u00e1sa&#8221;<\/em> lesz, az ember kezdi megismerni egyre jobban \u00f6nmag\u00e1t \u00e9s igazi bels\u0151 fejl\u0151d\u00e9s kezd\u0151dik el \u00e9let\u00e9ben. Ezenk\u00edv\u00fcl pedig egy csod\u00e1latos kaland is kezd\u0151dik, ami egy\u00a0<em>&#8222;semmihez sem hasonl\u00edthat\u00f3 v\u00e1llalkoz\u00e1s.&#8221;<\/em><\/p>\n<div class=\"sharelinks\" style=\"\">\n\t<a title=\"Munka&#8230; Hivat\u00e1s&#8230; Elh\u00edv\u00e1s\" rel=\"nofollow\" target=\"_blank\" href=\"http:\/\/www.facebook.com\/sharer.php?u=https:\/\/albulevente.ro\/index.php\/2017\/03\/16\/munka-hivatas-elhivas\/\"><img width=\"56\" height=\"20\" alt=\"facebook\" src=\"https:\/\/albulevente.ro\/wp-content\/plugins\/facebook-google-twitter-share\/images\/facebook.png\"><\/a>\n\t<a title=\"Munka&#8230; Hivat\u00e1s&#8230; Elh\u00edv\u00e1s\" rel=\"nofollow\" target=\"_blank\" href=\"https:\/\/plus.google.com\/share?url=https:\/\/albulevente.ro\/index.php\/2017\/03\/16\/munka-hivatas-elhivas\/\"><img width=\"60\" height=\"20\" alt=\"google plus\" src=\"https:\/\/albulevente.ro\/wp-content\/plugins\/facebook-google-twitter-share\/images\/googleplus.png\"><\/a>\n\t<a title=\"Munka&#8230; Hivat\u00e1s&#8230; Elh\u00edv\u00e1s\" Nagar\" rel=\"nofollow\" target=\"_blank\" href=\"http:\/\/twitter.com\/home?status=Munka&#8230; Hivat\u00e1s&#8230; Elh\u00edv\u00e1s https:\/\/albulevente.ro\/index.php\/2017\/03\/16\/munka-hivatas-elhivas\/\"><img width=\"70\" height=\"20\" alt=\"twitter\" src=\"https:\/\/albulevente.ro\/wp-content\/plugins\/facebook-google-twitter-share\/images\/twitter.png\"><\/a>\n\t<\/div>","protected":false},"excerpt":{"rendered":"<p>Van-e egy\u00e1ltal\u00e1n olyan, hogy hivat\u00e1s? Sokan \u00f6r\u00fclnek ha valahol tudnak dolgozni. M\u00e1sok lehet nem szeretik azt, amit tanultak \u00e9s amit dolgoznak de nincs mersz\u00fck \u00faj ir\u00e1nyba elindulni. Megint m\u00e1sok pedig \u00fagy v\u00e1lasztottak szakm\u00e1t, hogy megn\u00e9zt\u00e9k hol j\u00f6n t\u00f6bb p\u00e9nz, \u00e9s most is az motiv\u00e1lja \u0151ket a munk\u00e1jukban, hogy sok p\u00e9nzt nyernek&#8230; vagy az, hogy egyre &hellip; <\/p>\n","protected":false},"author":1,"featured_media":1091,"comment_status":"open","ping_status":"open","sticky":false,"template":"","format":"standard","meta":[],"categories":[26],"tags":[31,29,28,27,30],"_links":{"self":[{"href":"https:\/\/albulevente.ro\/index.php\/wp-json\/wp\/v2\/posts\/1187"}],"collection":[{"href":"https:\/\/albulevente.ro\/index.php\/wp-json\/wp\/v2\/posts"}],"about":[{"href":"https:\/\/albulevente.ro\/index.php\/wp-json\/wp\/v2\/types\/post"}],"author":[{"embeddable":true,"href":"https:\/\/albulevente.ro\/index.php\/wp-json\/wp\/v2\/users\/1"}],"replies":[{"embeddable":true,"href":"https:\/\/albulevente.ro\/index.php\/wp-json\/wp\/v2\/comments?post=1187"}],"version-history":[{"count":11,"href":"https:\/\/albulevente.ro\/index.php\/wp-json\/wp\/v2\/posts\/1187\/revisions"}],"predecessor-version":[{"id":1198,"href":"https:\/\/albulevente.ro\/index.php\/wp-json\/wp\/v2\/posts\/1187\/revisions\/1198"}],"wp:featuredmedia":[{"embeddable":true,"href":"https:\/\/albulevente.ro\/index.php\/wp-json\/wp\/v2\/media\/1091"}],"wp:attachment":[{"href":"https:\/\/albulevente.ro\/index.php\/wp-json\/wp\/v2\/media?parent=1187"}],"wp:term":[{"taxonomy":"category","embeddable":true,"href":"https:\/\/albulevente.ro\/index.php\/wp-json\/wp\/v2\/categories?post=1187"},{"taxonomy":"post_tag","embeddable":true,"href":"https:\/\/albulevente.ro\/index.php\/wp-json\/wp\/v2\/tags?post=1187"}],"curies":[{"name":"wp","href":"https:\/\/api.w.org\/{rel}","templated":true}]}}