{"id":1186,"date":"2017-03-26T16:00:28","date_gmt":"2017-03-26T14:00:28","guid":{"rendered":"http:\/\/albulevente.ro\/?p=1186"},"modified":"2017-03-28T16:22:13","modified_gmt":"2017-03-28T14:22:13","slug":"penzsovarbol-elhivott","status":"publish","type":"post","link":"https:\/\/albulevente.ro\/index.php\/2017\/03\/26\/penzsovarbol-elhivott\/","title":{"rendered":"P\u00e9nzs\u00f3v\u00e1rb\u00f3l elh\u00edvott"},"content":{"rendered":"<p><img decoding=\"async\" loading=\"lazy\" class=\"alignnone size-medium wp-image-1202 alignright\" src=\"http:\/\/albulevente.ro\/wp-content\/uploads\/2017\/03\/matthew-300x225.jpg\" alt=\"\" width=\"300\" height=\"225\" srcset=\"https:\/\/albulevente.ro\/wp-content\/uploads\/2017\/03\/matthew-300x225.jpg 300w, https:\/\/albulevente.ro\/wp-content\/uploads\/2017\/03\/matthew-768x576.jpg 768w, https:\/\/albulevente.ro\/wp-content\/uploads\/2017\/03\/matthew.jpg 1024w\" sizes=\"(max-width: 300px) 100vw, 300px\" \/>Mi\u00e9rt van az, hogy sok\u00a0fiatal feln\u0151ttnek, akiknek m\u00e1r csal\u00e1djuk van, j\u00f3 lak\u00e1suk, viszonylag j\u00f3l fizetett \u00e1ll\u00e1suk, m\u00e1r lubickoltak is G\u00f6r\u00f6gorsz\u00e1g legszebb \u00fcd\u00fcl\u0151k\u00f6zpontj\u00e1ban \u00e9s \u00e9rzik, hogy mindezek ellen\u00e9re \u00fcres az \u00e9let\u00fck, M\u00c9GIS ahelyett, hogy levonn\u00e1k a k\u00f6vetkeztet\u00e9st, hogy ezek a dolgok nem adnak v\u00e9gs\u0151 beteljes\u00fcl\u00e9st, ink\u00e1bb M\u00c9GT\u00d6BBET\u00a0akarnak bel\u0151l\u00fck?<\/p>\n<p>Az al\u00e1bbi t\u00f6rt\u00e9net szerintem j\u00f3l\u00a0megv\u00e1laszolja a k\u00e9rd\u00e9st, \u00e9s a megold\u00e1st is megadja. Nem garant\u00e1lom, hogy pontosan \u00edgy t\u00f6rt\u00e9nt, de az\u00f3ta sok hasonl\u00f3 eset volt, amelyek alapj\u00e1n is mondhatjuk, hogy valahogy \u00edgy lehetett:<\/p>\n<p><em>H\u00edrhedt v\u00e1mszed\u0151 volt m\u00e1r t\u00f6bb \u00e9ve, a zsid\u00f3 honfit\u00e1rsai\u00a0len\u00e9zt\u00e9k de mikor valahol megjelent, akkor nem mutatt\u00e1k ki, s\u0151t pr\u00f3b\u00e1ltak a kedv\u00e9ben j\u00e1rni. A r\u00f3maiak v\u00e9delme alatt volt, senki sem tudott ellene \u00e1llni. Az elej\u00e9n \u00e9lvezte a sok j\u00f3 inyencs\u00e9get amit megengedhetett mag\u00e1nak, a sok sz\u00e9p ruh\u00e1t, j\u00f3kat sz\u00f3rakozott a v\u00e1mszed\u0151 haverokkal, na meg az, hogy csak parancsolt \u00e9s megt\u00f6rt\u00e9ntek a dolgok, h\u00e1t hogyne \u00e9lvezete volna ezt is?! Persze, volt csal\u00e1dja is, az asszony nem \u00e1llt valami j\u00f3 h\u00edrn\u00e9vben \u0151 sem, na de a l\u00e9nyeg, hogy \u00e9lvezz\u00fck az \u00e9letet! Egy id\u0151 ut\u00e1n viszont r\u00e1j\u00f6tt, hogy sz\u00edve m\u00e9ly\u00e9n t\u00f6bbre v\u00e1gyik, szeretn\u00e9 ha valami nagyobb dolog\u00e9rt \u00e9lne mint az \u00e9lvezetek vagy a csal\u00e1dja boldogul\u00e1sa. Kezdte nyugtalan\u00edtani a gondolat&#8230;<\/em><\/p>\n<p><em>De mit tehetett volna? Mindenki a bar\u00e1tai k\u00f6z\u00fcl ezt tette! \u0150 maradjon le m\u00f6g\u00f6tt\u00fck? Az egyik szomsz\u00e9dja felh\u00fazott egy emeletet \u00e9s 100 juhot tart el. \u0150 is van olyan agyaf\u00fart, hogy ezt meg tudja csin\u00e1lni! T\u00e1ncsak nem az a ferdeorr\u00fa fogja \u0151t lek\u00f6r\u00f6zni! Mindenki tudja, hogy a k\u00f6rny\u00e9ken \u0151 a g\u00f3r\u00e9\u00a0a p\u00e9nzcsin\u00e1l\u00e1sban&#8230; &#8222;K\u00fcl\u00f6nben is &#8211; gondolta -, mit akarnak t\u0151lem? Azt, hogy v\u00e1ltozzak meg? Nono, azt meg minek? \u00cdrt\u00f3znak t\u0151lem azok a farizeusok, azt mondj\u00e1k annyira tiszt\u00e1talan vagyok, hogy legsz\u00edvesebben lek\u00f6pn\u00e9nek. De \u00e9n legal\u00e1bb nem vagyok olyan szentfaz\u00e9k\u00a0mint \u0151k, k\u00edv\u00fclr\u0151l f\u00fajj\u00e1k a Bibli\u00e1t de mindenki tudja, hogy k\u00f6nnyen megkenhet\u0151ek? Ja, meg azt v\u00e1rn\u00e1k el t\u0151lem, hogy higgyek az \u0151 Isten\u00fckben, akir\u0151l valami r\u00e9gi, hom\u00e1lyos pr\u00f3f\u00e9ci\u00e1k alapj\u00e1n mondj\u00e1k, hogy elk\u00fcldi a Fi\u00e1t? Akkor ink\u00e1bb a p\u00e9nzt v\u00e1lasztom, azt legal\u00e1bb\u00a0meg tudom fogni, itt \u00e9s most&#8230; \u00c1\u00e1\u00e1, azt a mindenit, igaz\u00e1b\u00f3l nem is tudom&#8230; Ez az egesz \u00e9let b\u0171zlik nekem mint egy tr\u00e1gyadomb.&#8221;<\/em><\/p>\n<p><em>A sz\u00edve m\u00e9ly\u00e9n nem tudta elhallgattatni az \u0151szinte hangot, miszerint a j\u00f3l\u00e9t nem tette boldogg\u00e1. Meg volt cs\u00f6m\u00f6r\u00f6lve az eg\u00e9szt\u0151l, m\u00e1r csak rutinszer\u0171en v\u00e9gezte a dolg\u00e1t, r\u00e9gebben ha valaki nem adta meg pontosan az ad\u00f3t kem\u00e9nyen megb\u00fcntette, most m\u00e1r n\u00e9ha fel sem keresett egyeseket az ad\u00f3z\u00e1s v\u00e9gett. Unta az eg\u00e9sz \u00e9let\u00e9t.<\/em><\/p>\n<p><em>Amikor el\u0151sz\u00f6r hallott J\u00e9zusr\u00f3l, nem tudta mit higgyen r\u00f3la, de az vil\u00e1gos lett el\u0151tte, hogy ez nem olyan \u00edr\u00e1stud\u00f3 mint a t\u00f6bbi. V\u00e9gre valaki nem azt mondja nekik v\u00e1mszed\u0151knek, hogy nincs semmi es\u00e9ly\u00fck Isten el\u0151tt, hanem hogy kegyelmes az Isten \u00e9s v\u00e1rja \u0151ket vissza. T\u00e9nyleg ilyen Isten? &#8222;T\u00e9nyleg azt mondja, hogy szeret \u00e9s j\u00f3t tervez \u00e9letemre? Badars\u00e1g! H\u00e1t nem azt mondj\u00e1k ezek a nagy okosok, hogy Isten haragszik r\u00e1m \u00e9s l\u00e1tni sem akar? Honnan szedi ezeket J\u00e9zus? Egy\u00e1ltal\u00e1n ki is \u0151?&#8221;<\/em><\/p>\n<p><em>&#8222;K\u00f6vess engem M\u00e1t\u00e9!&#8221; Mikor hallotta, hogy \u0151t is h\u00edvja, arra gondolt, hogy ha J\u00e9zusnak nincs igaza, ha Isten nem olyan irgalmas\u00a0mint ahogy bemutatja, akkor \u00fagysincs \u00e9rtelme az eg\u00e9sz \u00e9letnek, \u00fagyhogy elhat\u00e1rozta, hogy az eg\u00e9sz \u00e9let\u00e9t felteszi ennek a v\u00e1ndortan\u00edt\u00f3nak a h\u00edv\u00e1s\u00e1ra, aki Isten Fi\u00e1nak mondja mag\u00e1t. Megh\u00edvta J\u00e9zust az otthon\u00e1ba. &#8222;Ki hallott ilyet!? Egy rabbi az \u00e9n tiszt\u00e1talan otthonomban, az \u00e9n tiszt\u00e1talan bar\u00e1taim k\u00f6r\u00e9ben, nem szid \u00f6sszevissza, nem a ridegs\u00e9g, nem a len\u00e9z\u00e9s, nem az undor l\u00e1tszik rajta, eszik vel\u00fcnk, bar\u00e1ts\u00e1gosan besz\u00e9l, tisztel&#8230; engem, aki nyomorult b\u0171n\u00f6s vagyok&#8230; Mi lesz ebb\u0151l?&#8221;<\/em><\/p>\n<p>Az lett bel\u0151le, hogy M\u00e1t\u00e9 meg\u00e9rtette Isten elh\u00edv\u00e1s\u00e1t az \u00e9let\u00e9re n\u00e9zve, \u00e9s J\u00e9zus felt\u00e1mad\u00e1sa ut\u00e1n teljes erej\u00e9vel\u00a0ez az elh\u00edv\u00e1s szerint \u00e9lt, nagy dolgok\u00e9rt, az evang\u00e9lium \u00fcgy\u00e9\u00e9rt, Isten orsz\u00e1g\u00e1nak terjed\u00e9s\u00e9\u00e9rt, \u00e9s most neki k\u00f6sz\u00f6nhetj\u00fck az els\u0151 evang\u00e9liumot, ami\u00a0\u00e1ltal sok ember \u00e9lete megv\u00e1ltozott az \u00e9vsz\u00e1zadok sor\u00e1n.<strong> M\u00e1t\u00e9 kiszabadult az anyagiass\u00e1g hal\u00e1lba vezet\u0151 rabs\u00e1g\u00e1b\u00f3l mert nem engedte, hogy a p\u00e9nz ut\u00e1ni s\u00f3v\u00e1rg\u00e1s, az \u00e9lvezetek hajszol\u00e1sa, a verseng\u00e9s, a b\u00fcszkes\u00e9g, az emberek v\u00e9lem\u00e9nye, a b\u0171n meg az istentagad\u00e1s eln\u00e9m\u00edtsa az \u00e9rtelmes \u00e9s teljes \u00e9let ut\u00e1ni v\u00e1gy\u00e1t \u00e9s J\u00e9zus elh\u00edv\u00e1s\u00e1t.<\/strong><\/p>\n<p>A hivat\u00e1s, vagy ink\u00e1bb elh\u00edv\u00e1s szerinti \u00e9let egyik legnagyobb ellens\u00e9ge az anyagiass\u00e1g. Rengetegen esnek ebbe a csapd\u00e1ba, ami miatt a munk\u00e1juk m\u00e1r r\u00e9gen nem a meg\u00e9lhet\u00e9s megteremt\u00e9s\u00e9r\u0151l sz\u00f3l hanem az anyagiaknak val\u00f3 \u00e9l\u00e9sr\u0151l vagy a meggazdagod\u00e1sr\u00f3l. De mint ahogy M\u00e1t\u00e9 tette, mindenki v\u00e1laszthatja J\u00e9zus elh\u00edv\u00e1s\u00e1t!!!<\/p>\n<p>&nbsp;<\/p>\n<div class=\"sharelinks\" style=\"\">\n\t<a title=\"P\u00e9nzs\u00f3v\u00e1rb\u00f3l elh\u00edvott\" rel=\"nofollow\" target=\"_blank\" href=\"http:\/\/www.facebook.com\/sharer.php?u=https:\/\/albulevente.ro\/index.php\/2017\/03\/26\/penzsovarbol-elhivott\/\"><img width=\"56\" height=\"20\" alt=\"facebook\" src=\"https:\/\/albulevente.ro\/wp-content\/plugins\/facebook-google-twitter-share\/images\/facebook.png\"><\/a>\n\t<a title=\"P\u00e9nzs\u00f3v\u00e1rb\u00f3l elh\u00edvott\" rel=\"nofollow\" target=\"_blank\" href=\"https:\/\/plus.google.com\/share?url=https:\/\/albulevente.ro\/index.php\/2017\/03\/26\/penzsovarbol-elhivott\/\"><img width=\"60\" height=\"20\" alt=\"google plus\" src=\"https:\/\/albulevente.ro\/wp-content\/plugins\/facebook-google-twitter-share\/images\/googleplus.png\"><\/a>\n\t<a title=\"P\u00e9nzs\u00f3v\u00e1rb\u00f3l elh\u00edvott\" Nagar\" rel=\"nofollow\" target=\"_blank\" href=\"http:\/\/twitter.com\/home?status=P\u00e9nzs\u00f3v\u00e1rb\u00f3l elh\u00edvott https:\/\/albulevente.ro\/index.php\/2017\/03\/26\/penzsovarbol-elhivott\/\"><img width=\"70\" height=\"20\" alt=\"twitter\" src=\"https:\/\/albulevente.ro\/wp-content\/plugins\/facebook-google-twitter-share\/images\/twitter.png\"><\/a>\n\t<\/div>","protected":false},"excerpt":{"rendered":"<p>Mi\u00e9rt van az, hogy sok\u00a0fiatal feln\u0151ttnek, akiknek m\u00e1r csal\u00e1djuk van, j\u00f3 lak\u00e1suk, viszonylag j\u00f3l fizetett \u00e1ll\u00e1suk, m\u00e1r lubickoltak is G\u00f6r\u00f6gorsz\u00e1g legszebb \u00fcd\u00fcl\u0151k\u00f6zpontj\u00e1ban \u00e9s \u00e9rzik, hogy mindezek ellen\u00e9re \u00fcres az \u00e9let\u00fck, M\u00c9GIS ahelyett, hogy levonn\u00e1k a k\u00f6vetkeztet\u00e9st, hogy ezek a dolgok nem adnak v\u00e9gs\u0151 beteljes\u00fcl\u00e9st, ink\u00e1bb M\u00c9GT\u00d6BBET\u00a0akarnak bel\u0151l\u00fck? Az al\u00e1bbi t\u00f6rt\u00e9net szerintem j\u00f3l\u00a0megv\u00e1laszolja a k\u00e9rd\u00e9st, \u00e9s &hellip; <\/p>\n","protected":false},"author":1,"featured_media":1202,"comment_status":"open","ping_status":"open","sticky":false,"template":"","format":"standard","meta":[],"categories":[26,32],"tags":[28,27,33,35,34,36],"_links":{"self":[{"href":"https:\/\/albulevente.ro\/index.php\/wp-json\/wp\/v2\/posts\/1186"}],"collection":[{"href":"https:\/\/albulevente.ro\/index.php\/wp-json\/wp\/v2\/posts"}],"about":[{"href":"https:\/\/albulevente.ro\/index.php\/wp-json\/wp\/v2\/types\/post"}],"author":[{"embeddable":true,"href":"https:\/\/albulevente.ro\/index.php\/wp-json\/wp\/v2\/users\/1"}],"replies":[{"embeddable":true,"href":"https:\/\/albulevente.ro\/index.php\/wp-json\/wp\/v2\/comments?post=1186"}],"version-history":[{"count":8,"href":"https:\/\/albulevente.ro\/index.php\/wp-json\/wp\/v2\/posts\/1186\/revisions"}],"predecessor-version":[{"id":1209,"href":"https:\/\/albulevente.ro\/index.php\/wp-json\/wp\/v2\/posts\/1186\/revisions\/1209"}],"wp:featuredmedia":[{"embeddable":true,"href":"https:\/\/albulevente.ro\/index.php\/wp-json\/wp\/v2\/media\/1202"}],"wp:attachment":[{"href":"https:\/\/albulevente.ro\/index.php\/wp-json\/wp\/v2\/media?parent=1186"}],"wp:term":[{"taxonomy":"category","embeddable":true,"href":"https:\/\/albulevente.ro\/index.php\/wp-json\/wp\/v2\/categories?post=1186"},{"taxonomy":"post_tag","embeddable":true,"href":"https:\/\/albulevente.ro\/index.php\/wp-json\/wp\/v2\/tags?post=1186"}],"curies":[{"name":"wp","href":"https:\/\/api.w.org\/{rel}","templated":true}]}}