{"id":1368,"date":"2024-01-14T22:24:48","date_gmt":"2024-01-14T20:24:48","guid":{"rendered":"https:\/\/albulevente.ro\/?p=1368"},"modified":"2024-01-15T12:31:39","modified_gmt":"2024-01-15T10:31:39","slug":"az-evangeliumokat-megbizhato-szemtanuk-irtak","status":"publish","type":"post","link":"http:\/\/albulevente.ro\/index.php\/2024\/01\/14\/az-evangeliumokat-megbizhato-szemtanuk-irtak\/","title":{"rendered":"Az evang\u00e9liumok nem lehetnek kital\u00e1lt t\u00f6rt\u00e9netek, mert a tan\u00edtv\u00e1nyok \u00e9let\u00fcket adt\u00e1k az\u00e9rt, amit hirdettek"},"content":{"rendered":"\n<p><strong><img decoding=\"async\" loading=\"lazy\" class=\"size-medium wp-image-1376 alignright\" src=\"http:\/\/albulevente.ro\/wp-content\/uploads\/2024\/01\/martyrdom-of-saint-matthew-stefan-lochner-300x300.jpg\" alt=\"\" width=\"300\" height=\"300\" srcset=\"http:\/\/albulevente.ro\/wp-content\/uploads\/2024\/01\/martyrdom-of-saint-matthew-stefan-lochner-300x300.jpg 300w, http:\/\/albulevente.ro\/wp-content\/uploads\/2024\/01\/martyrdom-of-saint-matthew-stefan-lochner-150x150.jpg 150w, http:\/\/albulevente.ro\/wp-content\/uploads\/2024\/01\/martyrdom-of-saint-matthew-stefan-lochner-768x771.jpg 768w, http:\/\/albulevente.ro\/wp-content\/uploads\/2024\/01\/martyrdom-of-saint-matthew-stefan-lochner.jpg 897w\" sizes=\"(max-width: 300px) 100vw, 300px\" \/>Az evang\u00e9liumok megb\u00edzhat\u00f3 szemtan\u00fakt\u00f3l sz\u00e1rmaznak, ez\u00e9rt nem tekinthetj\u00fck azokat kital\u00e1lt t\u00f6rt\u00e9neteknek, legend\u00e1knak.<\/strong> Ez az egyik legfontosabb \u00e9rv amellett, hogy a J\u00e9zusr\u00f3l sz\u00f3l\u00f3 besz\u00e1mol\u00f3k megb\u00edzhat\u00f3k.<\/p>\n<p>Ha esetleg valakiben felmer\u00fcl a k\u00e9tely, hogy a szemtan\u00fak besz\u00e1mol\u00f3ja nem el\u00e9g bizony\u00edt\u00e9k, az gondoljon arra, hogy a b\u0171n\u00f6z\u0151ket ak\u00e1r \u00e9letfogytiglani b\u00f6rt\u00f6nb\u00fcntet\u00e9sre is \u00edt\u00e9lhetik tan\u00fak vallom\u00e1sa alapj\u00e1n. Lee Strobel, oknyomoz\u00f3 \u00fajs\u00e1g\u00edr\u00f3 ezt \u00edrja a <em>J\u00e9zus dosszi\u00e9<\/em> c\u00edm\u0171 k\u00f6nyv\u00e9ben: <em>\u201eA szemtan\u00fak vallom\u00e1sa mindig hat\u00e1sos \u00e9s meggy\u0151z\u0151&#8230; elegend\u0151 indok lehet ahhoz, hogy az elk\u00f6vet\u0151t b\u00f6rt\u00f6nb\u00fcntet\u00e9sre \u00edt\u00e9lj\u00e9k vagy m\u00e9g s\u00falyosabb b\u00fcntet\u00e9st szabjanak ki r\u00e1. A szemtan\u00fak tan\u00fas\u00e1gt\u00e9tele ugyanilyen perd\u00f6nt\u0151 a t\u00f6rt\u00e9nelmi esem\u00e9nyek vizsg\u00e1lat\u00e1n\u00e1l, \u00edgy akkor is, ha a vizsg\u00e1lat t\u00e1rgya az, hogy J\u00e9zus Krisztus val\u00f3ban Isten Fia-e.\u201d\u00b9<\/em><\/p>\n<p>M\u00e1t\u00e9, az els\u0151 evang\u00e9lium szerz\u0151je J\u00e9zus tizenk\u00e9t tan\u00edtv\u00e1ny\u00e1nak egyike, teh\u00e1t szemtan\u00fa volt. M\u00e1rk P\u00e9ter tan\u00edtv\u00e1nya volt, \u00e9s azt \u00edrta le, amit P\u00e9ter tan\u00edtott. Luk\u00e1cs, a harmadik evang\u00e9lista szemtan\u00fak besz\u00e1mol\u00f3it \u00edrta le (l\u00e1sd Lk 1,1\u20134). J\u00e1nos apostol is szemtan\u00fa volt, a tizenkett\u0151 egyike.<\/p>\n<p>De vajon t\u00e9nyleg megb\u00edzhat\u00f3k voltak a szemtan\u00fak?<\/p>\n<p><strong>J\u00e9zus tizenk\u00e9t tan\u00edtv\u00e1nya k\u00f6z\u00fcl t\u00edzen kegyetlen m\u00e1rt\u00edrhal\u00e1lt haltak az\u00e9rt, amit hirdettek. Ez nagyon er\u0151s bizony\u00edt\u00e9k amellett, hogy megb\u00edzhat\u00f3 szemtan\u00fak voltak.<\/strong><\/p>\n<ul>\n<li>P\u00e9tert keresztre fesz\u00edtett\u00e9k (a hagyom\u00e1ny szerint k\u00e9r\u00e9s\u00e9re fejjel lefel\u00e9).<\/li>\n<li>Tam\u00e1st l\u00e1ndzs\u00e1val \u00f6lt\u00e9k meg.<\/li>\n<li>M\u00e1t\u00e9t karddal \u00f6lt\u00e9k meg.<\/li>\n<li>Taddeust lenyilazt\u00e1k.<\/li>\n<li>Stb.\u00b2<\/li>\n<\/ul>\n<p>Erre ellenvet\u00e9sk\u00e9nt \u2013 legt\u00f6bbsz\u00f6r nagyon magabiztosan \u2013 ezt mondj\u00e1k az emberek: \u201eDe ez nem bizony\u00edt semmit, hiszen sokan meghaltak a hit\u00fck\u00e9rt azel\u0151tt is, azut\u00e1n is, ez nem teszi igazz\u00e1, amit hittek.\u201d Mondj\u00e1k ezt \u00fagy, mintha egy\u00e9rtelm\u0171 lenne sz\u00e1mukra, hogy az eml\u00edtett \u00e9rv f\u00e9lresiker\u00fclt.<\/p>\n<p>Ha ezt mondja valaki, az csak azt bizony\u00edtja, hogy f\u00e9lre\u00e9rtette a fenti \u00e9rvet. Mert val\u00f3 igaz, hogy sokan meghaltak az \u00e9vsz\u00e1zadok alatt a hit\u00fck\u00e9rt, \u00e9s mindegyik\u00fck meg volt gy\u0151z\u0151dve hite igaz\u00e1r\u00f3l<em>.<\/em> A tan\u00edtv\u00e1nyok viszont, ha kital\u00e1lt\u00e1k volna a J\u00e9zussal kapcsolatos esem\u00e9nyeket (f\u0151k\u00e9nt a felt\u00e1mad\u00e1s\u00e1t), <em>tudt\u00e1k volna, hogy amit hirdetnek hazugs\u00e1g<\/em>. Ismer valaki olyan szem\u00e9lyt a t\u00f6rt\u00e9nelemben, aki tudta, hogy amit hisz \u00e9s hirdet, az hazugs\u00e1g, m\u00e9gis k\u00e9sz volt meghalni ez\u00e9rt? Ha van is ilyen szem\u00e9ly, tal\u00e1n nem t\u00falz\u00e1s az, amit Josh McDowell \u00e1ll\u00edt: <em>\u201eNeh\u00e9z lenne a t\u00f6rt\u00e9nelemben egy olyan <strong>csoportot<\/strong> tal\u00e1lni, amelyik \u00fagy halt meg egy hazugs\u00e1g\u00e9rt, hogy tudta, hogy az hazugs\u00e1g.\u201d\u00b3<\/em>\u00a0Ilyen nem fordult el\u0151 a m\u00faltban, \u00e9s a j\u00f3zan \u00e9sz is azt mondja, hogy ez lehetetlens\u00e9g.<\/p>\n<p>A fentiek alapj\u00e1n nem lehet azt \u00e1ll\u00edtani, hogy a tan\u00edtv\u00e1nyok egy tudva tudott hazugs\u00e1g\u00e9rt haltak volna meg. <strong>\u0150k megb\u00edzhat\u00f3 szemtan\u00fai voltak J\u00e9zus \u00e9let\u00e9nek, tan\u00edt\u00e1sainak, csod\u00e1inak, hal\u00e1l\u00e1nak \u00e9s felt\u00e1mad\u00e1s\u00e1nak, mert k\u00e9szek voltak meghalni is az\u00e9rt, amir\u0151l tan\u00faskodtak.<\/strong><\/p>\n<p>\u2013\u2013\u2013\u2013\u2013\u2013\u2013\u2013\u2013\u2013<\/p>\n<ul>\n<li>\u00b9 Lee Strobel,\u00a0<em>A J\u00e9zus dosszi\u00e9, <\/em>Harmat Kiad\u00f3, 2005, 23. o.<\/li>\n<li>\u00b2 Josh McDowell,\u00a0<em>T\u00f6bb mint \u00e1cs<\/em>, Kereszty\u00e9n Ismeretterjeszt\u0151 Alap\u00edtv\u00e1ny, 2018, 116. o. alapj\u00e1n<\/li>\n<li>\u00b3 McDowell, 117. o.<\/li>\n<\/ul>\n<p>\u00a0<\/p>\n<div class=\"sharelinks\" style=\"\">\n\t<a title=\"Az evang\u00e9liumok nem lehetnek kital\u00e1lt t\u00f6rt\u00e9netek, mert a tan\u00edtv\u00e1nyok \u00e9let\u00fcket adt\u00e1k az\u00e9rt, amit hirdettek\" rel=\"nofollow\" target=\"_blank\" href=\"http:\/\/www.facebook.com\/sharer.php?u=http:\/\/albulevente.ro\/index.php\/2024\/01\/14\/az-evangeliumokat-megbizhato-szemtanuk-irtak\/\"><img width=\"56\" height=\"20\" alt=\"facebook\" src=\"http:\/\/albulevente.ro\/wp-content\/plugins\/facebook-google-twitter-share\/images\/facebook.png\"><\/a>\n\t<a title=\"Az evang\u00e9liumok nem lehetnek kital\u00e1lt t\u00f6rt\u00e9netek, mert a tan\u00edtv\u00e1nyok \u00e9let\u00fcket adt\u00e1k az\u00e9rt, amit hirdettek\" rel=\"nofollow\" target=\"_blank\" href=\"https:\/\/plus.google.com\/share?url=http:\/\/albulevente.ro\/index.php\/2024\/01\/14\/az-evangeliumokat-megbizhato-szemtanuk-irtak\/\"><img width=\"60\" height=\"20\" alt=\"google plus\" src=\"http:\/\/albulevente.ro\/wp-content\/plugins\/facebook-google-twitter-share\/images\/googleplus.png\"><\/a>\n\t<a title=\"Az evang\u00e9liumok nem lehetnek kital\u00e1lt t\u00f6rt\u00e9netek, mert a tan\u00edtv\u00e1nyok \u00e9let\u00fcket adt\u00e1k az\u00e9rt, amit hirdettek\" Nagar\" rel=\"nofollow\" target=\"_blank\" href=\"http:\/\/twitter.com\/home?status=Az evang\u00e9liumok nem lehetnek kital\u00e1lt t\u00f6rt\u00e9netek, mert a tan\u00edtv\u00e1nyok \u00e9let\u00fcket adt\u00e1k az\u00e9rt, amit hirdettek http:\/\/albulevente.ro\/index.php\/2024\/01\/14\/az-evangeliumokat-megbizhato-szemtanuk-irtak\/\"><img width=\"70\" height=\"20\" alt=\"twitter\" src=\"http:\/\/albulevente.ro\/wp-content\/plugins\/facebook-google-twitter-share\/images\/twitter.png\"><\/a>\n\t<\/div>","protected":false},"excerpt":{"rendered":"<p>Az evang\u00e9liumok megb\u00edzhat\u00f3 szemtan\u00fakt\u00f3l sz\u00e1rmaznak, ez\u00e9rt nem tekinthetj\u00fck azokat kital\u00e1lt t\u00f6rt\u00e9neteknek, legend\u00e1knak. Ez az egyik legfontosabb \u00e9rv amellett, hogy a J\u00e9zusr\u00f3l sz\u00f3l\u00f3 besz\u00e1mol\u00f3k megb\u00edzhat\u00f3k. Ha esetleg valakiben felmer\u00fcl a k\u00e9tely, hogy a szemtan\u00fak besz\u00e1mol\u00f3ja nem el\u00e9g bizony\u00edt\u00e9k, az gondoljon arra, hogy a b\u0171n\u00f6z\u0151ket ak\u00e1r \u00e9letfogytiglani b\u00f6rt\u00f6nb\u00fcntet\u00e9sre is \u00edt\u00e9lhetik tan\u00fak vallom\u00e1sa alapj\u00e1n. Lee Strobel, oknyomoz\u00f3 \u00fajs\u00e1g\u00edr\u00f3 &hellip; <\/p>\n","protected":false},"author":1,"featured_media":1376,"comment_status":"open","ping_status":"open","sticky":false,"template":"","format":"standard","meta":[],"categories":[1],"tags":[96,102,97,101,100,98,99],"_links":{"self":[{"href":"http:\/\/albulevente.ro\/index.php\/wp-json\/wp\/v2\/posts\/1368"}],"collection":[{"href":"http:\/\/albulevente.ro\/index.php\/wp-json\/wp\/v2\/posts"}],"about":[{"href":"http:\/\/albulevente.ro\/index.php\/wp-json\/wp\/v2\/types\/post"}],"author":[{"embeddable":true,"href":"http:\/\/albulevente.ro\/index.php\/wp-json\/wp\/v2\/users\/1"}],"replies":[{"embeddable":true,"href":"http:\/\/albulevente.ro\/index.php\/wp-json\/wp\/v2\/comments?post=1368"}],"version-history":[{"count":25,"href":"http:\/\/albulevente.ro\/index.php\/wp-json\/wp\/v2\/posts\/1368\/revisions"}],"predecessor-version":[{"id":1406,"href":"http:\/\/albulevente.ro\/index.php\/wp-json\/wp\/v2\/posts\/1368\/revisions\/1406"}],"wp:featuredmedia":[{"embeddable":true,"href":"http:\/\/albulevente.ro\/index.php\/wp-json\/wp\/v2\/media\/1376"}],"wp:attachment":[{"href":"http:\/\/albulevente.ro\/index.php\/wp-json\/wp\/v2\/media?parent=1368"}],"wp:term":[{"taxonomy":"category","embeddable":true,"href":"http:\/\/albulevente.ro\/index.php\/wp-json\/wp\/v2\/categories?post=1368"},{"taxonomy":"post_tag","embeddable":true,"href":"http:\/\/albulevente.ro\/index.php\/wp-json\/wp\/v2\/tags?post=1368"}],"curies":[{"name":"wp","href":"https:\/\/api.w.org\/{rel}","templated":true}]}}